{"id":5025,"date":"2025-04-02T10:42:56","date_gmt":"2025-04-02T08:42:56","guid":{"rendered":"https:\/\/www.festivalcinemambiente.it\/?p=5025"},"modified":"2025-06-02T14:22:03","modified_gmt":"2025-06-02T12:22:03","slug":"traspirazioni-sonore-food-jam-session","status":"publish","type":"post","link":"https:\/\/www.festivalcinemambiente.it\/it\/traspirazioni-sonore-food-jam-session\/","title":{"rendered":"TRASPIRAZIONI SONORE"},"content":{"rendered":"<p><strong>MARTED\u00ec 3 GIUGNO<\/strong><br \/>\n<strong>ORTO BOTANICO DELL\u2019UNIVERSIT\u00c0 DI TORINO<\/strong><br \/>\n<strong>ORE 18:00 &#8211;\u00a0 INAUGURAZIONE<br \/>\nL\u2019Universit\u00e0 di Torino, <\/strong>nell&#8217;ambito del progetto<strong> UniVerso, e CinemAmbiente <\/strong>presentano<strong>:<\/strong><\/p>\n<p><strong>TRASPIRAZIONI SONORE <\/strong><br \/>\n<strong>Il potere raffrescante dei suoni e degli alberi<\/strong><br \/>\nInstallazione sonora tra botanica e neuroscienze di Vincenzo Guarnieri<\/p>\n<p><em>L\u2019acqua evapora dalle foglie con un meccanismo che assorbe calore, abbassando la temperatura dell\u2019ambiente. \u00c8 un fenomeno fondamentale ma invisibile. Come quello provocato da certi suoni che il nostro cervello trasforma in una sensazione di fresco.<\/em><\/p>\n<p>Gli alberi sono condizionatori naturali molto efficienti. Raffrescano l\u2019ambiente circostante non solo grazie all\u2019ombra delle loro chiome. La maggior parte dell\u2019acqua assorbita dalle radici viene rilasciata sotto forma di vapore. Questo fenomeno si chiama \u201ctraspirazione\u201d e avviene prevalentemente nelle foglie dove le molecole d\u2019acqua assorbono calore e si liberano nell\u2019aria, riducendo la temperatura. La traspirazione di 1 m3 di acqua raffresca l&#8217;aria nei pressi della pianta di circa 2\u00b0C. Si tratta di un servizio ecosistemico che gli alberi forniscono sempre. Tuttavia non ce ne accorgiamo perch\u00e9 \u00e8 invisibile e gratuito.<\/p>\n<p>Sotto il vecchio albicocco dell\u2019Orto Botanico di Torino si possono sentire dei suoni particolari. Sono il frutto di una ricerca neuroscientifica che sta studiando il ruolo dell\u2019udito nella percezione della temperatura. Pu\u00f2 accadere che un suono possa farci sentire pi\u00f9 caldo o pi\u00f9 freddo. Dipende dalle sue propriet\u00e0 fisiche e da come viene elaborato dal nostro cervello. In questo caso, i suoni sono stati prodotti con l\u2019aiuto di un sistema di intelligenza artificiale per provocare una sensazione di fresco. Lo studio \u00e8 ancora in corso e i visitatori possono farne parte.<\/p>\n<p>Una rigenerante doccia sonora pu\u00f2 farci riflettere su come siamo fatti e sull\u2019importanza della traspirazione degli alberi.<\/p>\n<p>Installazione legata al progetto \u201cFlussi arborei\u201d realizzato da Vincenzo Guarnieri e Sebastiano Barbieri con Renato Bruni (Orto Botanico e Universit\u00e0 di Parma).<\/p>\n<p><strong>Credits<\/strong><br \/>\nAutore: Vincenzo Guarnieri<br \/>\nSupervisione scientifica: Massimiliano Zampini &#8211; Centro Interdipartimentale Mente\/Cervello (CIMeC), Universit\u00e0 di Trento<br \/>\nProduzione suoni: Matteo Spanio e Antonio Rod\u00e0 &#8211; Centro di Sonologia Computazionale (CSC), Universit\u00e0 di Padova<br \/>\nAllestimento e service: Fabio Lombardo (VI.MA)<br \/>\nSi ringrazia Charles Spence (Universit\u00e0 di Oxford) per il prezioso aiuto<\/p>\n<p><strong>3 &#8211; 15 giugno 2025<\/strong><br \/>\n<strong>ORARI<\/strong><\/p>\n<ul>\n<li><strong>giorni feriali: <\/strong>10:00 &#8211; 16:00<\/li>\n<li><strong>Sabato:<\/strong> \u00a014:30 &#8211; 19:00<\/li>\n<li><strong>Domenica: <\/strong>10:00 &#8211; 19:00<\/li>\n<\/ul>\n<p><img loading=\"lazy\" class=\"alignnone  wp-image-5368\" src=\"https:\/\/www.festivalcinemambiente.it\/wp-content\/uploads\/2025\/05\/thumbnail_loghi_traspirazioni-1-300x125.jpg\" alt=\"\" width=\"1159\" height=\"483\" srcset=\"https:\/\/www.festivalcinemambiente.it\/wp-content\/uploads\/2025\/05\/thumbnail_loghi_traspirazioni-1-300x125.jpg 300w, https:\/\/www.festivalcinemambiente.it\/wp-content\/uploads\/2025\/05\/thumbnail_loghi_traspirazioni-1-1024x428.jpg 1024w, https:\/\/www.festivalcinemambiente.it\/wp-content\/uploads\/2025\/05\/thumbnail_loghi_traspirazioni-1-75x31.jpg 75w\" sizes=\"(max-width: 1159px) 100vw, 1159px\" \/><\/p>\n","protected":false},"excerpt":{"rendered":"<p>MARTED\u00ec 3 GIUGNO ORTO BOTANICO DELL\u2019UNIVERSIT\u00c0 DI TORINO ORE 18:00 &#8211;\u00a0 INAUGURAZIONE L\u2019Universit\u00e0 di Torino, nell&#8217;ambito del progetto UniVerso, e CinemAmbiente presentano: TRASPIRAZIONI SONORE Il potere raffrescante dei suoni e degli alberi Installazione sonora tra botanica e neuroscienze di Vincenzo Guarnieri L\u2019acqua evapora dalle foglie con un meccanismo che assorbe calore, abbassando la temperatura dell\u2019ambiente&#8230;.<\/p>\n","protected":false},"author":5,"featured_media":5043,"comment_status":"closed","ping_status":"closed","sticky":false,"template":"","format":"standard","meta":[],"categories":[29],"tags":[],"acf":[],"_links":{"self":[{"href":"https:\/\/www.festivalcinemambiente.it\/it\/wp-json\/wp\/v2\/posts\/5025"}],"collection":[{"href":"https:\/\/www.festivalcinemambiente.it\/it\/wp-json\/wp\/v2\/posts"}],"about":[{"href":"https:\/\/www.festivalcinemambiente.it\/it\/wp-json\/wp\/v2\/types\/post"}],"author":[{"embeddable":true,"href":"https:\/\/www.festivalcinemambiente.it\/it\/wp-json\/wp\/v2\/users\/5"}],"replies":[{"embeddable":true,"href":"https:\/\/www.festivalcinemambiente.it\/it\/wp-json\/wp\/v2\/comments?post=5025"}],"version-history":[{"count":9,"href":"https:\/\/www.festivalcinemambiente.it\/it\/wp-json\/wp\/v2\/posts\/5025\/revisions"}],"predecessor-version":[{"id":5380,"href":"https:\/\/www.festivalcinemambiente.it\/it\/wp-json\/wp\/v2\/posts\/5025\/revisions\/5380"}],"wp:featuredmedia":[{"embeddable":true,"href":"https:\/\/www.festivalcinemambiente.it\/it\/wp-json\/wp\/v2\/media\/5043"}],"wp:attachment":[{"href":"https:\/\/www.festivalcinemambiente.it\/it\/wp-json\/wp\/v2\/media?parent=5025"}],"wp:term":[{"taxonomy":"category","embeddable":true,"href":"https:\/\/www.festivalcinemambiente.it\/it\/wp-json\/wp\/v2\/categories?post=5025"},{"taxonomy":"post_tag","embeddable":true,"href":"https:\/\/www.festivalcinemambiente.it\/it\/wp-json\/wp\/v2\/tags?post=5025"}],"curies":[{"name":"wp","href":"https:\/\/api.w.org\/{rel}","templated":true}]}}