{"id":4986,"date":"2025-05-12T17:02:34","date_gmt":"2025-05-12T15:02:34","guid":{"rendered":"https:\/\/www.festivalcinemambiente.it\/?p=4986"},"modified":"2025-05-29T17:37:33","modified_gmt":"2025-05-29T15:37:33","slug":"cinesintesi-ricordi-del-bosco-di-domani","status":"publish","type":"post","link":"https:\/\/www.festivalcinemambiente.it\/it\/cinesintesi-ricordi-del-bosco-di-domani\/","title":{"rendered":"CINESINTESI RICORDI DEL BOSCO DI DOMANI"},"content":{"rendered":"<p><strong>MARTED\u00cc 10 GIUGNO<\/strong><br \/>\n<strong>SALA 3<\/strong><br \/>\n<strong>ORE 16:00<\/strong><\/p>\n<p>Obiettivo del progetto <strong><em>CINE<\/em><\/strong>SINTESI <strong><em>Ricordi del bosco di domani <\/em><\/strong>\u00e8 la realizzazione di tre cortometraggi legati al tema della sostenibilit\u00e0 ambientale e della tutela del patrimonio naturalistico conservato all&#8217;interno del <strong>Parco Naturale di Rocchetta Tanaro<\/strong> &#8211; prima area protetta dell\u2019Astigiano inserita nei siti europei di tutela <em>Rete Natura 2000<\/em> e gestita dall&#8217;<strong>Ente Parco Paleontologico Astigiano<\/strong>.<\/p>\n<p>Ogni video \u00e8 stato realizzato da un gruppo di studenti dell&#8217;<strong>Istituto d&#8217;Istruzione Superiore Natta di Rivoli<\/strong> a partire dal riutilizzo creativo dei materiali conservati dall&#8217;<strong>Archivio Superottimisti<\/strong> dedicati al mondo naturale, integrati con riprese realizzate ex novo dagli studenti stessi all\u2019interno del Parco.<\/p>\n<p>I tre cortometraggi compongono un racconto per immagini su tre linee temporali: passato, presente e futuro del Parco. Il risultato \u00e8 un film a episodi che vuole approfondire da un lato i temi ambientali che caratterizzano la contemporaneit\u00e0 e la societ\u00e0 futura, dando voce allo sguardo e alle opinioni delle giovani generazioni, dall\u2019altro descrivere le peculiarit\u00e0 dell&#8217;area naturale protetta anche grazie agli home movies conservati da Superottimisti. Grazie a questo materiale d&#8217;archivio \u00e8 stato, infatti, possibile approfondire il linguaggio cinematografico, il cinema di famiglia e le tecniche di ripresa video, attivando riflessioni sulle trasformazioni ambientali che hanno attraversato il secolo scorso.<\/p>\n<p>Introdurranno la proiezione <strong>Giulia Carbonero<\/strong> e <strong>Giulio Pedretti<\/strong> di Superottimisti e il dirigente scolastico dell\u2019Istituto \u201cNatta\u201d di Rivoli <strong>Giovanni Coppola<\/strong>; seguiranno interventi di <strong>Carmela Caiazzo<\/strong> dell\u2019Associazione Istituto per l\u2019Educazione alla Terra &#8211; Ramo italiano, del direttore del Parco Paleontologico Astigiano <strong>Graziano Delmastro<\/strong> e infine degli <strong>studenti e docenti<\/strong> che hanno realizzato i cortometraggi.<\/p>\n<p>A conclusione, La Casa del dolce e del salato di Rocchetta Tanaro offrir\u00e0 al pubblico un rinfresco con prodotti tipici del territorio.<\/p>\n<p><strong><em>Memorie del Bosco \u2013 il passato da scoprire<\/em><\/strong><br \/>\nUn viaggio sensoriale e immersivo alla scoperta del Bosco del Parco naturale, raccontato attraverso gli occhi di un animale misterioso che si muove tra i suoi sentieri. Immagini, suoni e sensazioni rivelate dalla memoria del bosco stesso ci conducono nelle trasformazioni avvenute in milioni di anni.<\/p>\n<p><strong><em>Voci Nel Bosco<\/em><\/strong><br \/>\nLe storie che emergono dalla natura, spesso inascoltate. Le \u201cvoci\u201d non sono solo quelle umane, ma anche i suoni degli animali, delle piante e degli elementi naturali, che parlano in modo silenzioso ma profondo a chi sa ascoltare. Il bosco diventa un luogo ricco di significati e comunicazioni nascoste.<\/p>\n<p><strong><em>Parole Sospese<\/em><\/strong><br \/>\nIn un\u2019atmosfera post-apocalittica, un uomo, giunto quasi alla fine per mancanza di ossigeno, decide di ritrovare e registrare su un diario le connessioni pi\u00f9 profonde con la natura da lui vissute nel passato. Emerge il ricordo di un\u2019umanit\u00e0 devastante e di come egli stesso abbia contribuito all\u2019inesorabile disastro.<\/p>\n<p>Il progetto ha come capofila l\u2019Istituto di Istruzione Superiore Natta di Rivoli, coordinato dall\u2019Archivio Superottimisti. Partner ufficiali del progetto: Istituto per l\u2019Educazione alla Terra \u2013 Ramo Italiano; Ente Parco Paleontologico Astigiano; Universit\u00e0 di Milano Bicocca \u2013 Dipartimento di Scienze dell\u2019ambiente e della Terra; RI-PRESE memory keepers; Regione Piemonte &#8211; Settore Archivi; Filmine e Valovideo. Iniziativa realizzata nell\u2019ambito del Piano Nazionale Cinema<br \/>\ne Immagini per la Scuola promosso da MIC e MIM.<\/p>\n<p>&nbsp;<\/p>\n","protected":false},"excerpt":{"rendered":"<p>MARTED\u00cc 10 GIUGNO SALA 3 ORE 16:00 Obiettivo del progetto CINESINTESI Ricordi del bosco di domani \u00e8 la realizzazione di tre cortometraggi legati al tema della sostenibilit\u00e0 ambientale e della tutela del patrimonio naturalistico conservato all&#8217;interno del Parco Naturale di Rocchetta Tanaro &#8211; prima area protetta dell\u2019Astigiano inserita nei siti europei di tutela Rete Natura&#8230;<\/p>\n","protected":false},"author":5,"featured_media":4987,"comment_status":"closed","ping_status":"closed","sticky":false,"template":"","format":"standard","meta":[],"categories":[29],"tags":[],"acf":[],"_links":{"self":[{"href":"https:\/\/www.festivalcinemambiente.it\/it\/wp-json\/wp\/v2\/posts\/4986"}],"collection":[{"href":"https:\/\/www.festivalcinemambiente.it\/it\/wp-json\/wp\/v2\/posts"}],"about":[{"href":"https:\/\/www.festivalcinemambiente.it\/it\/wp-json\/wp\/v2\/types\/post"}],"author":[{"embeddable":true,"href":"https:\/\/www.festivalcinemambiente.it\/it\/wp-json\/wp\/v2\/users\/5"}],"replies":[{"embeddable":true,"href":"https:\/\/www.festivalcinemambiente.it\/it\/wp-json\/wp\/v2\/comments?post=4986"}],"version-history":[{"count":6,"href":"https:\/\/www.festivalcinemambiente.it\/it\/wp-json\/wp\/v2\/posts\/4986\/revisions"}],"predecessor-version":[{"id":5254,"href":"https:\/\/www.festivalcinemambiente.it\/it\/wp-json\/wp\/v2\/posts\/4986\/revisions\/5254"}],"wp:featuredmedia":[{"embeddable":true,"href":"https:\/\/www.festivalcinemambiente.it\/it\/wp-json\/wp\/v2\/media\/4987"}],"wp:attachment":[{"href":"https:\/\/www.festivalcinemambiente.it\/it\/wp-json\/wp\/v2\/media?parent=4986"}],"wp:term":[{"taxonomy":"category","embeddable":true,"href":"https:\/\/www.festivalcinemambiente.it\/it\/wp-json\/wp\/v2\/categories?post=4986"},{"taxonomy":"post_tag","embeddable":true,"href":"https:\/\/www.festivalcinemambiente.it\/it\/wp-json\/wp\/v2\/tags?post=4986"}],"curies":[{"name":"wp","href":"https:\/\/api.w.org\/{rel}","templated":true}]}}