{"id":4772,"date":"2025-01-31T12:24:20","date_gmt":"2025-01-31T11:24:20","guid":{"rendered":"https:\/\/www.festivalcinemambiente.it\/?p=4772"},"modified":"2025-06-05T11:31:07","modified_gmt":"2025-06-05T09:31:07","slug":"terra-incongnita-al-cinema-massimo","status":"publish","type":"post","link":"https:\/\/www.festivalcinemambiente.it\/it\/terra-incongnita-al-cinema-massimo\/","title":{"rendered":"TERRA INCOGNITA di Enrico Masi al Cinema Massimo"},"content":{"rendered":"<section class=\"l-section wpb_row height_medium\"><div class=\"l-section-h i-cf\"><div class=\"g-cols vc_row via_grid cols_1 laptops-cols_inherit tablets-cols_inherit mobiles-cols_1 valign_top type_default\"><div class=\"wpb_column vc_column_container\"><div class=\"vc_column-inner\"><div class=\"wpb_text_column\"><div class=\"wpb_wrapper\"><p><em>Dal 9 al 12 febbraio 2025 &#8211; Cinema Massimo, Torino<\/em><\/p>\n<p>L\u2019appuntamento DOC di Febbraio del Cinema Massimo &#8211; consueta rassegna mensile del Museo Nazionale del Cinema dedicata ai film di genere documentario &#8211; questo mese propone la proiezione di uno dei pi\u00f9 interessanti film a tematica ambientale del 2024, <strong><em>Terra Incognita <\/em><\/strong>di <strong>Enrico Masi.<\/strong> Presentato dal Festival CinemAmbiente nell\u2019ultima edizione del Torino Film Industry, il film affronta la condizione dell\u2019umano a contatto con la necessit\u00e0 di sopravvivenza sul pianeta, gli armamenti, il sistema economico famigliare.<\/p>\n<p>Per l\u2019occasione, <strong>domenica 9 febbraio alle ore 18.00<\/strong> presso la Sala Uno del Massimo, il film sar\u00e0 presentato dall\u2019autore insieme a <strong>Lia Furxhi<\/strong> (direttrice del Festival CinemAmbiente) e a <strong>Paolo Manera<\/strong> (direttore FCTP). Per info e prenotazioni <a href=\"https:\/\/www.cinemamassimotorino.it\/terra-incognita-e-the-missing-boys\/\">clicca qui<\/a>.<\/p>\n<p>Enrico Masi<\/p>\n<p><strong><em>Terra Incognita<\/em><\/strong><\/p>\n<p>(Italia, Francia 2024, 90\u2032 \u2013 v.o. sub ita)<\/p>\n<p>In una remota valle alpina, una famiglia tedesca vive in armonia con la natura, senza elettricit\u00e0 e nutrendosi dei frutti della loro terra. Parallelamente, al di l\u00e0 delle montagne, a Cadarache nella Francia del Sud, \u00e8 in corso l\u2019esperimento di ITER (International Thermonuclear Experimental Reactor), simbolo della ricerca energetica e laboratorio internazionale di avanguardia, dove si cerca di riprodurre l\u2019energia del Sole sulla Terra attraverso il processo di fusione atomica.<\/p>\n<p>Il documentario si concentra su due realt\u00e0 apparentemente opposte che si incontrano nella dimensione antropologica: l\u2019intreccio di forze umane e tecnologiche svela la comune necessit\u00e0 di reperimento di energia. <em>Terra Incognita<\/em> \u00e8 il luogo dove le energie creative dell\u2019umanit\u00e0 e quelle sperimentali della scienza si uniscono e guardano al futuro.<\/p>\n<p>In replica:<\/p>\n<ul>\n<li>Luned\u00ec 10 febbraio alle ore 18.15 con l\u2019introduzione al pubblico di Alberto Vanolo.<\/li>\n<li>Marted\u00ec 11 febbraio alle ore 16.00 con la presentazione al pubblico di Dario Cambiano.<\/li>\n<li>Mercoled\u00ec 12 febbraio alle ore 16.00.<\/li>\n<\/ul>\n<\/div><\/div><\/div><\/div><\/div><\/div><\/section>\n","protected":false},"excerpt":{"rendered":"Dal 9 al 12 febbraio 2025 &#8211; Cinema Massimo, Torino L\u2019appuntamento DOC di Febbraio del Cinema Massimo &#8211; consueta rassegna mensile del Museo Nazionale del Cinema dedicata ai film di genere documentario &#8211; questo mese propone la proiezione di uno dei pi\u00f9 interessanti film a tematica ambientale del 2024, Terra Incognita di Enrico Masi. Presentato...","protected":false},"author":4,"featured_media":4770,"comment_status":"closed","ping_status":"closed","sticky":false,"template":"","format":"standard","meta":[],"categories":[28,13],"tags":[],"acf":[],"_links":{"self":[{"href":"https:\/\/www.festivalcinemambiente.it\/it\/wp-json\/wp\/v2\/posts\/4772"}],"collection":[{"href":"https:\/\/www.festivalcinemambiente.it\/it\/wp-json\/wp\/v2\/posts"}],"about":[{"href":"https:\/\/www.festivalcinemambiente.it\/it\/wp-json\/wp\/v2\/types\/post"}],"author":[{"embeddable":true,"href":"https:\/\/www.festivalcinemambiente.it\/it\/wp-json\/wp\/v2\/users\/4"}],"replies":[{"embeddable":true,"href":"https:\/\/www.festivalcinemambiente.it\/it\/wp-json\/wp\/v2\/comments?post=4772"}],"version-history":[{"count":2,"href":"https:\/\/www.festivalcinemambiente.it\/it\/wp-json\/wp\/v2\/posts\/4772\/revisions"}],"predecessor-version":[{"id":4776,"href":"https:\/\/www.festivalcinemambiente.it\/it\/wp-json\/wp\/v2\/posts\/4772\/revisions\/4776"}],"wp:featuredmedia":[{"embeddable":true,"href":"https:\/\/www.festivalcinemambiente.it\/it\/wp-json\/wp\/v2\/media\/4770"}],"wp:attachment":[{"href":"https:\/\/www.festivalcinemambiente.it\/it\/wp-json\/wp\/v2\/media?parent=4772"}],"wp:term":[{"taxonomy":"category","embeddable":true,"href":"https:\/\/www.festivalcinemambiente.it\/it\/wp-json\/wp\/v2\/categories?post=4772"},{"taxonomy":"post_tag","embeddable":true,"href":"https:\/\/www.festivalcinemambiente.it\/it\/wp-json\/wp\/v2\/tags?post=4772"}],"curies":[{"name":"wp","href":"https:\/\/api.w.org\/{rel}","templated":true}]}}