{"id":4480,"date":"2024-06-10T14:53:31","date_gmt":"2024-06-10T12:53:31","guid":{"rendered":"https:\/\/www.festivalcinemambiente.it\/?p=4480"},"modified":"2024-06-10T14:53:31","modified_gmt":"2024-06-10T12:53:31","slug":"27-cinemambiente-day-6","status":"publish","type":"post","link":"https:\/\/www.festivalcinemambiente.it\/it\/27-cinemambiente-day-6\/","title":{"rendered":"27\u00b0 CinemAmbiente &#8211; DAY 6"},"content":{"rendered":"<section class=\"l-section wpb_row height_medium\"><div class=\"l-section-h i-cf\"><div class=\"g-cols vc_row via_grid cols_1 laptops-cols_inherit tablets-cols_inherit mobiles-cols_1 valign_top type_default\"><div class=\"wpb_column vc_column_container\"><div class=\"vc_column-inner\"><div class=\"wpb_text_column\"><div class=\"wpb_wrapper\"><p>Termina la 27esima edizione del <strong>Festival CinemAmbiente<\/strong> con la sua sesta giornata ricca di appuntamenti e proiezioni.<\/p>\n<p>La giornata finale si \u00e8 aperta con due eventi extra-cinematografici: alle ore 14.30, al Xk\u00e9? &#8211; Il laboratorio della curiosit\u00e0,\u00a0 si \u00e8 tenuto l&#8217;atteso <em><strong>eco-cooking show<\/strong><\/em> gastronomico, che ha visto protagonisti quattro rinomati chef piemontesi: <strong>Christian Mandura<\/strong>,\u00a0 <strong>Antonio Chiodi Latini<\/strong>, <strong>Giuseppe Rambaldi <\/strong>e <strong>Juri Chiotti; <\/strong>alle ore 16, invece, al Cinema Massimo \u00e8 stata allestita un&#8217;area di <em><strong>scambio di talee<\/strong><\/em>, in cui il pubblico ha avuto la possibilit\u00e0 di offrire e ricevere rami, piccioli di foglia, parti di radici o di bulbi da interrare.<\/p>\n<p>Anche in quest&#8217;ultimo giorno, sono stati tanti i film in programma, molti dei quali seguiti da stimolanti incontri in sala con registi e protagonisti.<\/p>\n<p>L&#8217;edizione chiude poi in serata con la <em><strong>cerimonia di premiazione &#8211; <\/strong><\/em>alle ore 19 in Mole Antonelliana &#8211; con il film di chiusura <strong><em>Voyage au P\u00f4le Sud<\/em><\/strong> di Luc Jaquet, alle 21 al Cinema Massimo.<\/p>\n<p>Guarda di seguito il video riassunto.<\/p>\n<\/div><\/div><\/div><\/div><\/div><\/div><\/section><section class=\"l-section wpb_row height_medium\"><div class=\"l-section-h i-cf\"><div class=\"g-cols vc_row via_grid cols_1 laptops-cols_inherit tablets-cols_inherit mobiles-cols_1 valign_top type_default\"><div class=\"wpb_column vc_column_container\"><div class=\"vc_column-inner\"><div class=\"w-video align_none ratio_16x9\" onclick=\"return {&quot;player_html&quot;:&quot;&lt;iframe title=\\&quot;CinemAmbiente 27 | Day 6\\&quot; width=\\&quot;640\\&quot; height=\\&quot;360\\&quot; src=\\&quot;https:\\\/\\\/www.youtube.com\\\/embed\\\/ns12ES8_Cnk?feature=oembed\\&quot; frameborder=\\&quot;0\\&quot; allow=\\&quot;accelerometer; autoplay; clipboard-write; encrypted-media; gyroscope; picture-in-picture; web-share\\&quot; referrerpolicy=\\&quot;strict-origin-when-cross-origin\\&quot; allowfullscreen&gt;&lt;\\\/iframe&gt;&quot;}\"><div class=\"w-video-h\"><iframe title=\"Youtube video player\" src=\"\/\/www.youtube.com\/embed\/ns12ES8_Cnk?origin=https:\/\/www.festivalcinemambiente.it&controls=1\" allowfullscreen=\"1\" loading=\"lazy\"><\/iframe><\/div><div class=\"w-video-icon\" style=\"font-size:1.5rem;background:rgba(0,0,0,0.5);color:#fff\"><\/div><\/div><\/div><\/div><\/div><\/div><\/section>\n","protected":false},"excerpt":{"rendered":"Termina la 27esima edizione del Festival CinemAmbiente con la sua sesta giornata ricca di appuntamenti e proiezioni. La giornata finale si \u00e8 aperta con due eventi extra-cinematografici: alle ore 14.30, al Xk\u00e9? &#8211; Il laboratorio della curiosit\u00e0,\u00a0 si \u00e8 tenuto l&#8217;atteso eco-cooking show gastronomico, che ha visto protagonisti quattro rinomati chef piemontesi: Christian Mandura,\u00a0 Antonio...","protected":false},"author":4,"featured_media":4351,"comment_status":"closed","ping_status":"closed","sticky":false,"template":"","format":"standard","meta":[],"categories":[23,13],"tags":[],"acf":[],"_links":{"self":[{"href":"https:\/\/www.festivalcinemambiente.it\/it\/wp-json\/wp\/v2\/posts\/4480"}],"collection":[{"href":"https:\/\/www.festivalcinemambiente.it\/it\/wp-json\/wp\/v2\/posts"}],"about":[{"href":"https:\/\/www.festivalcinemambiente.it\/it\/wp-json\/wp\/v2\/types\/post"}],"author":[{"embeddable":true,"href":"https:\/\/www.festivalcinemambiente.it\/it\/wp-json\/wp\/v2\/users\/4"}],"replies":[{"embeddable":true,"href":"https:\/\/www.festivalcinemambiente.it\/it\/wp-json\/wp\/v2\/comments?post=4480"}],"version-history":[{"count":3,"href":"https:\/\/www.festivalcinemambiente.it\/it\/wp-json\/wp\/v2\/posts\/4480\/revisions"}],"predecessor-version":[{"id":4491,"href":"https:\/\/www.festivalcinemambiente.it\/it\/wp-json\/wp\/v2\/posts\/4480\/revisions\/4491"}],"wp:featuredmedia":[{"embeddable":true,"href":"https:\/\/www.festivalcinemambiente.it\/it\/wp-json\/wp\/v2\/media\/4351"}],"wp:attachment":[{"href":"https:\/\/www.festivalcinemambiente.it\/it\/wp-json\/wp\/v2\/media?parent=4480"}],"wp:term":[{"taxonomy":"category","embeddable":true,"href":"https:\/\/www.festivalcinemambiente.it\/it\/wp-json\/wp\/v2\/categories?post=4480"},{"taxonomy":"post_tag","embeddable":true,"href":"https:\/\/www.festivalcinemambiente.it\/it\/wp-json\/wp\/v2\/tags?post=4480"}],"curies":[{"name":"wp","href":"https:\/\/api.w.org\/{rel}","templated":true}]}}