{"id":3890,"date":"2024-05-21T17:01:33","date_gmt":"2024-05-21T15:01:33","guid":{"rendered":"https:\/\/www.festivalcinemambiente.it\/?p=3890"},"modified":"2024-05-31T16:26:21","modified_gmt":"2024-05-31T14:26:21","slug":"premio-stella-della-mole-a-bruno-bozzetto","status":"publish","type":"post","link":"https:\/\/www.festivalcinemambiente.it\/it\/premio-stella-della-mole-a-bruno-bozzetto\/","title":{"rendered":"PREMIO STELLA DELLA MOLE A BRUNO BOZZETTO"},"content":{"rendered":"<p><strong>MARTED\u00cc 4 GIUGNO<\/strong><br \/>\n<strong>MOLE ANTONELLIANA <\/strong><br \/>\n<strong>ORE 19.00<br \/>\n<\/strong><\/p>\n<p>Ingresso ad inviti.<strong><br \/>\n<\/strong><\/p>\n<p>Il <strong>Premio Stella della Mole<\/strong>, gi\u00e0 premio Movies Save the Planet, \u00e8 l\u2019importante riconoscimento che ogni anno il Festival attribuisce a un artista che, attraverso il linguaggio cinematografico, rifletta nella sua opera temi legati all\u2019ambiente e alla natura. Nella presente edizione CinemAmbiente vuole rendere omaggio al Maestro del Cinema d\u2019animazione Bruno Bozzetto, di cui vengono presentati, per l\u2019occasione, il nuovo film<em> Sapiens?<\/em> e una selezione di cortometraggi tra i pi\u00f9 significativi della sua lunga e densa carriera.<\/p>\n<p>\u00abL\u2019ecologia \u00e8 come l\u2019educazione\u2026 Tutti ne parlano ma nessuno la pratica\u00bb recita sconsolato il celebre Signor Rossi in una delle numerose vignette disegnate da Bruno Bozzetto in tempo di lockdown e raccolte nel recente libro <em>Attenti all\u2019uomo<\/em> (Gallucci, 2023), riflessione ironica e amara sul rapporto tra l\u2019uomo, gli animali e la Natura che giunge, infine, ad abbracciare la causa animalista, a cui l\u2019autore ha deciso di dedicare gli ultimi anni della sua vita.<\/p>\n<p>Caratterizzati dal consueto tratto minimalista, in queste pagine vecchi e nuovi personaggi, come la dolcissima cagnetta Doggy, danno voce ai propri sentimenti per raccontarci di una Terra delusa e arrabbiata e invocare empatia e rispetto. Il medesimo stile, inconfondibile, essenziale e libero nel tratto e nel contenuto, pervaso da un umorismo sottile e spiazzante, accompagna Bozzetto lungo tutta la sua carriera, che dalla fine degli anni Cinquanta a oggi conta pi\u00f9 di trecento produzioni tra cortometraggi, lungometraggi, caroselli, spot, sigle televisive e film didattici, e oltre centotrenta riconoscimenti tra cui il Winsor McCay Award, 5 Nastri d\u2019 Argento, una Laurea ad Honorem, quindici Premi alla Carriera, una Nomination all\u2019Oscar e un Orso d\u2019 Oro a Berlino. Disegnatore, regista, animatore, artista dall\u2019inesauribile curiosit\u00e0 professionale capace di coniugare e trasmettere entusiasmo e una saggezza semplice e antica, si appassiona alla montagna sin da bambino, sviluppando una particolare sensibilit\u00e0 nell\u2019ascolto, nel rispetto della natura, nell\u2019osservare se stessi e ci\u00f2 che ci circonda. Questa esperienza confluisce naturalmente nelle sue creazioni: idee, pensieri, suggestioni prendono forma nelle innumerevoli storie animate affrontano i temi pi\u00f9 vari, dalla divertente vita degli insetti alla forza distruttrice della guerra, dall\u2019alienazione delle nostre societ\u00e0 moderne alla difficolt\u00e0 da parte dell\u2019essere umano di trovare uno spiraglio verso una maggiore consapevolezza e armonia.<\/p>\n<p>In tal senso, pi\u00f9 che mai il discorso ecologico e la difesa dell\u2019ambiente incarnano i grandi temi universali nella sua poetica, una sorta di grande contenitore della vita in cui interrogarsi sul ruolo dell\u2019uomo e i suoi comportamenti \u00e8 pressoch\u00e9 inevitabile: con straordinaria immediatezza, adatta a un pubblico adulto e infantile, il suo sguardo ironico, sagace e introspettivo, coglie contraddizioni e assurdit\u00e0 del genere umano, smascherandone l\u2019incapacit\u00e0 di imparare dai propri ostinati errori. In questo modo, l\u2019evoluzione degli utensili di offesa, dalle fionde preistoriche alle bombe atomiche del XX secolo, narrata nel corto di esordio <em>Tapum! La storia delle armi<\/em> (1958) diviene con <em>Cavallette<\/em> (1990) una spietata cronaca, seppur umoristica, della storia dell\u2019umanit\u00e0 nel suo aspetto pi\u00f9 autodistruttivo. Nel frattempo, il Signor Rossi, l\u2019omino medio dal cappello rosso e i baffetti, nato negli anni Sessanta, vive le sue disavventure di uomo qualunque anticipando con tenera leggerezza tutte le problematiche legate al turismo di massa, oggi considerato tra i pi\u00f9 impattanti del Pianeta. E cos\u00ec via fino ad arrivare a <em>Sapiens?<\/em> sorta di riepilogo di un intero percorso creativo.<\/p>\n","protected":false},"excerpt":{"rendered":"<p>MARTED\u00cc 4 GIUGNO MOLE ANTONELLIANA ORE 19.00 Ingresso ad inviti. Il Premio Stella della Mole, gi\u00e0 premio Movies Save the Planet, \u00e8 l\u2019importante riconoscimento che ogni anno il Festival attribuisce a un artista che, attraverso il linguaggio cinematografico, rifletta nella sua opera temi legati all\u2019ambiente e alla natura. Nella presente edizione CinemAmbiente vuole rendere omaggio&#8230;<\/p>\n","protected":false},"author":5,"featured_media":3892,"comment_status":"closed","ping_status":"closed","sticky":false,"template":"","format":"standard","meta":[],"categories":[26],"tags":[],"acf":[],"_links":{"self":[{"href":"https:\/\/www.festivalcinemambiente.it\/it\/wp-json\/wp\/v2\/posts\/3890"}],"collection":[{"href":"https:\/\/www.festivalcinemambiente.it\/it\/wp-json\/wp\/v2\/posts"}],"about":[{"href":"https:\/\/www.festivalcinemambiente.it\/it\/wp-json\/wp\/v2\/types\/post"}],"author":[{"embeddable":true,"href":"https:\/\/www.festivalcinemambiente.it\/it\/wp-json\/wp\/v2\/users\/5"}],"replies":[{"embeddable":true,"href":"https:\/\/www.festivalcinemambiente.it\/it\/wp-json\/wp\/v2\/comments?post=3890"}],"version-history":[{"count":8,"href":"https:\/\/www.festivalcinemambiente.it\/it\/wp-json\/wp\/v2\/posts\/3890\/revisions"}],"predecessor-version":[{"id":4229,"href":"https:\/\/www.festivalcinemambiente.it\/it\/wp-json\/wp\/v2\/posts\/3890\/revisions\/4229"}],"wp:featuredmedia":[{"embeddable":true,"href":"https:\/\/www.festivalcinemambiente.it\/it\/wp-json\/wp\/v2\/media\/3892"}],"wp:attachment":[{"href":"https:\/\/www.festivalcinemambiente.it\/it\/wp-json\/wp\/v2\/media?parent=3890"}],"wp:term":[{"taxonomy":"category","embeddable":true,"href":"https:\/\/www.festivalcinemambiente.it\/it\/wp-json\/wp\/v2\/categories?post=3890"},{"taxonomy":"post_tag","embeddable":true,"href":"https:\/\/www.festivalcinemambiente.it\/it\/wp-json\/wp\/v2\/tags?post=3890"}],"curies":[{"name":"wp","href":"https:\/\/api.w.org\/{rel}","templated":true}]}}