{"id":3885,"date":"2024-05-21T16:55:50","date_gmt":"2024-05-21T14:55:50","guid":{"rendered":"https:\/\/www.festivalcinemambiente.it\/?p=3885"},"modified":"2024-05-31T16:32:05","modified_gmt":"2024-05-31T14:32:05","slug":"premio-speciale-scuolapark","status":"publish","type":"post","link":"https:\/\/www.festivalcinemambiente.it\/it\/premio-speciale-scuolapark\/","title":{"rendered":"Premio speciale ScuolaPark"},"content":{"rendered":"<p><strong>MERCOLED\u00cc 5 GIUGNO <\/strong><br \/>\n<strong>CINEMA MASSIMO \u2013 MNC SALA CABIRIA <\/strong><br \/>\n<strong>ORE 10:00<\/strong><\/p>\n<p><strong>Achab Group<\/strong> sostiene il concorso CinemAmbiente Junior 2024 mettendo a disposizione il <strong>Premio speciale ScuolaPark<\/strong>, che sar\u00e0 assegnato a tre delle produzioni finaliste, una per ciascun grado scolastico, scelte per la loro capacit\u00e0 di parlare da giovani a giovani di sostenibilit\u00e0 in modo innovativo. Alle tre classi vincitrici \u00e8 offerta la partecipazione a un seminario online con un esperto di produzione video. A tutte le opere finaliste sar\u00e0 inoltre conferita ampia visibilit\u00e0 mediante pubblicazione in un\u2019apposita sezione della piattaforma scuolapark.it, sviluppata da Achab Group per integrare la didattica in aula e le attivit\u00e0 extra-scolastiche in modo trasversale ed interdisciplinare<\/p>\n","protected":false},"excerpt":{"rendered":"<p>MERCOLED\u00cc 5 GIUGNO CINEMA MASSIMO \u2013 MNC SALA CABIRIA ORE 10:00 Achab Group sostiene il concorso CinemAmbiente Junior 2024 mettendo a disposizione il Premio speciale ScuolaPark, che sar\u00e0 assegnato a tre delle produzioni finaliste, una per ciascun grado scolastico, scelte per la loro capacit\u00e0 di parlare da giovani a giovani di sostenibilit\u00e0 in modo innovativo&#8230;.<\/p>\n","protected":false},"author":5,"featured_media":3887,"comment_status":"closed","ping_status":"closed","sticky":false,"template":"","format":"standard","meta":[],"categories":[26],"tags":[],"acf":[],"_links":{"self":[{"href":"https:\/\/www.festivalcinemambiente.it\/it\/wp-json\/wp\/v2\/posts\/3885"}],"collection":[{"href":"https:\/\/www.festivalcinemambiente.it\/it\/wp-json\/wp\/v2\/posts"}],"about":[{"href":"https:\/\/www.festivalcinemambiente.it\/it\/wp-json\/wp\/v2\/types\/post"}],"author":[{"embeddable":true,"href":"https:\/\/www.festivalcinemambiente.it\/it\/wp-json\/wp\/v2\/users\/5"}],"replies":[{"embeddable":true,"href":"https:\/\/www.festivalcinemambiente.it\/it\/wp-json\/wp\/v2\/comments?post=3885"}],"version-history":[{"count":2,"href":"https:\/\/www.festivalcinemambiente.it\/it\/wp-json\/wp\/v2\/posts\/3885\/revisions"}],"predecessor-version":[{"id":4231,"href":"https:\/\/www.festivalcinemambiente.it\/it\/wp-json\/wp\/v2\/posts\/3885\/revisions\/4231"}],"wp:featuredmedia":[{"embeddable":true,"href":"https:\/\/www.festivalcinemambiente.it\/it\/wp-json\/wp\/v2\/media\/3887"}],"wp:attachment":[{"href":"https:\/\/www.festivalcinemambiente.it\/it\/wp-json\/wp\/v2\/media?parent=3885"}],"wp:term":[{"taxonomy":"category","embeddable":true,"href":"https:\/\/www.festivalcinemambiente.it\/it\/wp-json\/wp\/v2\/categories?post=3885"},{"taxonomy":"post_tag","embeddable":true,"href":"https:\/\/www.festivalcinemambiente.it\/it\/wp-json\/wp\/v2\/tags?post=3885"}],"curies":[{"name":"wp","href":"https:\/\/api.w.org\/{rel}","templated":true}]}}