{"id":3868,"date":"2024-05-21T16:27:35","date_gmt":"2024-05-21T14:27:35","guid":{"rendered":"https:\/\/www.festivalcinemambiente.it\/?p=3868"},"modified":"2024-05-31T16:52:07","modified_gmt":"2024-05-31T14:52:07","slug":"enaip-piemonte-cinema-ambiente-2","status":"publish","type":"post","link":"https:\/\/www.festivalcinemambiente.it\/it\/enaip-piemonte-cinema-ambiente-2\/","title":{"rendered":"ENAIP Piemonte. Cinema &#038; Ambiente"},"content":{"rendered":"<p><strong>MERCOLED\u00cc 5 GIUGNO<\/strong><br \/>\n<strong>CINEMA MASSIMO \u2013 MNC SALA SOLDATI<\/strong><br \/>\n<strong>ORE 16:00<\/strong><\/p>\n<p>Prosegue anche quest\u2019anno la collaborazione tra CinemAmbiente ed <strong>ENAIP<\/strong> (Ente Nazionale Acli Istruzione Professionale), la pi\u00f9 grande agenzia formativa della Regione Piemonte. Il risultato consiste nella realizzazione da parte degli studenti di quattro prodotti audiovisivi: un cortometraggio di finzione, un cortometraggio documentario, un videoclip musicale ed uno spot, tutti con un focus comune, le conseguenze del cambiamento climatico.<\/p>\n<p><strong>A Climate Carol<\/strong> di Federico Gobbo, Franco Pedico, Fabio Pistono, Valentina Panzica (finzione) Alfio si prepara a una dolce serata in compagnia di Matilde. I suoi piani, per\u00f2, verranno sconvolti dall\u2019arrivo di tre fantasmi che lo metteranno di fronte al suo disinteresse per l\u2019ambiente. Liberamente ispirato a Il Canto di Natale di Charles Dickens.<br \/>\n<img loading=\"lazy\" class=\"alignnone size-medium wp-image-3898\" src=\"https:\/\/www.festivalcinemambiente.it\/wp-content\/uploads\/2024\/05\/A-CLIMATE-CAROL-300x169.jpg\" alt=\"\" width=\"300\" height=\"169\" srcset=\"https:\/\/www.festivalcinemambiente.it\/wp-content\/uploads\/2024\/05\/A-CLIMATE-CAROL-300x169.jpg 300w, https:\/\/www.festivalcinemambiente.it\/wp-content\/uploads\/2024\/05\/A-CLIMATE-CAROL-1024x576.jpg 1024w, https:\/\/www.festivalcinemambiente.it\/wp-content\/uploads\/2024\/05\/A-CLIMATE-CAROL-75x42.jpg 75w, https:\/\/www.festivalcinemambiente.it\/wp-content\/uploads\/2024\/05\/A-CLIMATE-CAROL.jpg 1920w\" sizes=\"(max-width: 300px) 100vw, 300px\" \/><\/p>\n<p><strong>Fallo per loro<\/strong> di Maurizio Astori, Samuele Boscolo, Diletta Morese, Davide Tota (spot) Versione parodistica della classica \u201cpubblicit\u00e0 progresso\u201d. Attraverso un insolito scambio di battute fra l\u2019attrice e la voce narrante, l\u2019appello a un intervento immediato da parte degli esseri umani.<\/p>\n<p><img loading=\"lazy\" class=\"alignnone size-medium wp-image-3901\" src=\"https:\/\/www.festivalcinemambiente.it\/wp-content\/uploads\/2024\/05\/FALLO-PER-LORO-300x169.jpg\" alt=\"\" width=\"300\" height=\"169\" srcset=\"https:\/\/www.festivalcinemambiente.it\/wp-content\/uploads\/2024\/05\/FALLO-PER-LORO-300x169.jpg 300w, https:\/\/www.festivalcinemambiente.it\/wp-content\/uploads\/2024\/05\/FALLO-PER-LORO-1024x576.jpg 1024w, https:\/\/www.festivalcinemambiente.it\/wp-content\/uploads\/2024\/05\/FALLO-PER-LORO-75x42.jpg 75w, https:\/\/www.festivalcinemambiente.it\/wp-content\/uploads\/2024\/05\/FALLO-PER-LORO.jpg 1920w\" sizes=\"(max-width: 300px) 100vw, 300px\" \/><\/p>\n<p><strong>Il frutto perfetto<\/strong> di Andrea Cellini, Alessio Esposito, Furio Sesto, Flavio Sonetti (documentario) Alberto \u00e8 un agricoltore che, tra le avversit\u00e0 del presente, cerca di mantenersi indipendente e autonomo nella gestione della sua attivit\u00e0, la coltivazione di mele.<\/p>\n<p><img loading=\"lazy\" class=\"alignnone size-medium wp-image-3903\" src=\"https:\/\/www.festivalcinemambiente.it\/wp-content\/uploads\/2024\/05\/IL-FRUTTO-PERFETTO-300x169.jpg\" alt=\"\" width=\"300\" height=\"169\" srcset=\"https:\/\/www.festivalcinemambiente.it\/wp-content\/uploads\/2024\/05\/IL-FRUTTO-PERFETTO-300x169.jpg 300w, https:\/\/www.festivalcinemambiente.it\/wp-content\/uploads\/2024\/05\/IL-FRUTTO-PERFETTO-1024x576.jpg 1024w, https:\/\/www.festivalcinemambiente.it\/wp-content\/uploads\/2024\/05\/IL-FRUTTO-PERFETTO-75x42.jpg 75w, https:\/\/www.festivalcinemambiente.it\/wp-content\/uploads\/2024\/05\/IL-FRUTTO-PERFETTO.jpg 1920w\" sizes=\"(max-width: 300px) 100vw, 300px\" \/><\/p>\n<p><strong>Steel Fruits<\/strong> di Francesco Adabbo, Luciana Moriconi, Alice Olivetti. Musica di Michelangelo Tommaso (videoclip) In un mondo in rovina per via delle conseguenze del cambiamento climatico, uno stickman di carta stagnola, in preda al panico, fugge dalla propria casa in cerca di una via di salvezza<\/p>\n<p><img loading=\"lazy\" class=\"alignnone size-medium wp-image-3905\" src=\"https:\/\/www.festivalcinemambiente.it\/wp-content\/uploads\/2024\/05\/STEEL-FRUITS-300x200.jpg\" alt=\"\" width=\"300\" height=\"200\" srcset=\"https:\/\/www.festivalcinemambiente.it\/wp-content\/uploads\/2024\/05\/STEEL-FRUITS-300x200.jpg 300w, https:\/\/www.festivalcinemambiente.it\/wp-content\/uploads\/2024\/05\/STEEL-FRUITS-1024x683.jpg 1024w, https:\/\/www.festivalcinemambiente.it\/wp-content\/uploads\/2024\/05\/STEEL-FRUITS-75x50.jpg 75w\" sizes=\"(max-width: 300px) 100vw, 300px\" \/><\/p>\n","protected":false},"excerpt":{"rendered":"<p>MERCOLED\u00cc 5 GIUGNO CINEMA MASSIMO \u2013 MNC SALA SOLDATI ORE 16:00 Prosegue anche quest\u2019anno la collaborazione tra CinemAmbiente ed ENAIP (Ente Nazionale Acli Istruzione Professionale), la pi\u00f9 grande agenzia formativa della Regione Piemonte. Il risultato consiste nella realizzazione da parte degli studenti di quattro prodotti audiovisivi: un cortometraggio di finzione, un cortometraggio documentario, un videoclip&#8230;<\/p>\n","protected":false},"author":5,"featured_media":3897,"comment_status":"closed","ping_status":"closed","sticky":false,"template":"","format":"standard","meta":[],"categories":[26],"tags":[],"acf":[],"_links":{"self":[{"href":"https:\/\/www.festivalcinemambiente.it\/it\/wp-json\/wp\/v2\/posts\/3868"}],"collection":[{"href":"https:\/\/www.festivalcinemambiente.it\/it\/wp-json\/wp\/v2\/posts"}],"about":[{"href":"https:\/\/www.festivalcinemambiente.it\/it\/wp-json\/wp\/v2\/types\/post"}],"author":[{"embeddable":true,"href":"https:\/\/www.festivalcinemambiente.it\/it\/wp-json\/wp\/v2\/users\/5"}],"replies":[{"embeddable":true,"href":"https:\/\/www.festivalcinemambiente.it\/it\/wp-json\/wp\/v2\/comments?post=3868"}],"version-history":[{"count":5,"href":"https:\/\/www.festivalcinemambiente.it\/it\/wp-json\/wp\/v2\/posts\/3868\/revisions"}],"predecessor-version":[{"id":4240,"href":"https:\/\/www.festivalcinemambiente.it\/it\/wp-json\/wp\/v2\/posts\/3868\/revisions\/4240"}],"wp:featuredmedia":[{"embeddable":true,"href":"https:\/\/www.festivalcinemambiente.it\/it\/wp-json\/wp\/v2\/media\/3897"}],"wp:attachment":[{"href":"https:\/\/www.festivalcinemambiente.it\/it\/wp-json\/wp\/v2\/media?parent=3868"}],"wp:term":[{"taxonomy":"category","embeddable":true,"href":"https:\/\/www.festivalcinemambiente.it\/it\/wp-json\/wp\/v2\/categories?post=3868"},{"taxonomy":"post_tag","embeddable":true,"href":"https:\/\/www.festivalcinemambiente.it\/it\/wp-json\/wp\/v2\/tags?post=3868"}],"curies":[{"name":"wp","href":"https:\/\/api.w.org\/{rel}","templated":true}]}}