{"id":3811,"date":"2024-05-21T15:08:17","date_gmt":"2024-05-21T13:08:17","guid":{"rendered":"https:\/\/www.festivalcinemambiente.it\/?p=3811"},"modified":"2024-05-31T17:25:55","modified_gmt":"2024-05-31T15:25:55","slug":"energia-ambiente-economia-agire-in-modo-consapevole-per-contribuire-alla-lotta-al-cambiamento-climatico","status":"publish","type":"post","link":"https:\/\/www.festivalcinemambiente.it\/it\/energia-ambiente-economia-agire-in-modo-consapevole-per-contribuire-alla-lotta-al-cambiamento-climatico\/","title":{"rendered":"Energia, ambiente, economia: agire in modo consapevole per contribuire alla lotta al cambiamento climatico"},"content":{"rendered":"<section class=\"l-section wpb_row height_medium\"><div class=\"l-section-h i-cf\"><div class=\"g-cols vc_row via_grid cols_1 laptops-cols_inherit tablets-cols_inherit mobiles-cols_1 valign_top type_default\"><div class=\"wpb_column vc_column_container\"><div class=\"vc_column-inner\"><div class=\"wpb_text_column\"><div class=\"wpb_wrapper\"><p><strong>MERCOLEDI\u0300 5 GIUGNO <\/strong><br \/>\n<strong>CIRCOLO DEI LETTORI <\/strong><br \/>\n<strong>ORE 17:30<\/strong><\/p>\n<p>Ognuno di noi \u00e8 chiamato a contribuire alla lotta al cambiamento climatico, ma quali sono concretamente le decisioni che si possono prendere a livello individuale per fronteggiare una sfida che pare incommensurabile? Come agire a fronte di un caotico flusso di informazioni vaghe e non di rado fuorvianti? <strong>EmCoin<\/strong> \u00e8 una sorta di \u201cmoneta\u201d che rappresenta l\u2019energia utilizzata per produrre i beni che acquistiamo: grazie ad essa ognuno pu\u00f2 decidere quanta \u201cenergia\u201d spendere, contribuendo dal basso alla sostenibilit\u00e0 &#8211; al riparo da messaggi greenwashing. Un nuovo possibile scenario che integra energia, economia e ambiente e che vede esperti e studiosi di biofisica dell\u2019economia, di ciclo di vita dei prodotti e di teorie economiche \u201cnon convenzionali\u201d cercare di fondere le leggi della natura e della fisica nell\u2019economia dei nostri comportamenti quotidiani.<\/p>\n<p><strong>Intervengono<\/strong><br \/>\n<strong>Luciano Celi<\/strong>, ricercatore CNR, editore Lu::Ce Edizioni, presidente ASPO Italia<br \/>\n<strong>Marcello Corongiu<\/strong>, presidente Resconda e PM del progetto EmCoin<br \/>\n<strong>Charles A.S. Hall<\/strong> (in videoconferenza), esperto in ecologia dei sistemi e biofisica dell\u2019economia, Distinguished Professor presso la New York State University<br \/>\n<strong>Caterina Mele<\/strong>, docente DISEG, membro del CdA e del Green Team del Politecnico di Torino<br \/>\n<strong>Maurizio Pallante<\/strong>, saggista, divulgatore, presidente dell\u2019Associazione Sostenibilit\u00e0 Equit\u00e0 Solidariet\u00e0<br \/>\n<strong>Sergio Ulgiati<\/strong>, gi\u00e0 docente di chimica ambientale e LCA presso l\u2019Universit\u00e0 Parthenope di Napoli, professore onorario di contabilit\u00e0 ambientale presso la School of Environment, Beijing Normal University, Cina<\/p>\n<\/div><\/div><\/div><\/div><\/div><\/div><\/section>\n","protected":false},"excerpt":{"rendered":"MERCOLEDI\u0300 5 GIUGNO CIRCOLO DEI LETTORI ORE 17:30 Ognuno di noi \u00e8 chiamato a contribuire alla lotta al cambiamento climatico, ma quali sono concretamente le decisioni che si possono prendere a livello individuale per fronteggiare una sfida che pare incommensurabile? Come agire a fronte di un caotico flusso di informazioni vaghe e non di rado...","protected":false},"author":5,"featured_media":4071,"comment_status":"closed","ping_status":"closed","sticky":false,"template":"","format":"standard","meta":[],"categories":[26],"tags":[],"acf":[],"_links":{"self":[{"href":"https:\/\/www.festivalcinemambiente.it\/it\/wp-json\/wp\/v2\/posts\/3811"}],"collection":[{"href":"https:\/\/www.festivalcinemambiente.it\/it\/wp-json\/wp\/v2\/posts"}],"about":[{"href":"https:\/\/www.festivalcinemambiente.it\/it\/wp-json\/wp\/v2\/types\/post"}],"author":[{"embeddable":true,"href":"https:\/\/www.festivalcinemambiente.it\/it\/wp-json\/wp\/v2\/users\/5"}],"replies":[{"embeddable":true,"href":"https:\/\/www.festivalcinemambiente.it\/it\/wp-json\/wp\/v2\/comments?post=3811"}],"version-history":[{"count":2,"href":"https:\/\/www.festivalcinemambiente.it\/it\/wp-json\/wp\/v2\/posts\/3811\/revisions"}],"predecessor-version":[{"id":4253,"href":"https:\/\/www.festivalcinemambiente.it\/it\/wp-json\/wp\/v2\/posts\/3811\/revisions\/4253"}],"wp:featuredmedia":[{"embeddable":true,"href":"https:\/\/www.festivalcinemambiente.it\/it\/wp-json\/wp\/v2\/media\/4071"}],"wp:attachment":[{"href":"https:\/\/www.festivalcinemambiente.it\/it\/wp-json\/wp\/v2\/media?parent=3811"}],"wp:term":[{"taxonomy":"category","embeddable":true,"href":"https:\/\/www.festivalcinemambiente.it\/it\/wp-json\/wp\/v2\/categories?post=3811"},{"taxonomy":"post_tag","embeddable":true,"href":"https:\/\/www.festivalcinemambiente.it\/it\/wp-json\/wp\/v2\/tags?post=3811"}],"curies":[{"name":"wp","href":"https:\/\/api.w.org\/{rel}","templated":true}]}}