{"id":3769,"date":"2024-05-21T12:07:52","date_gmt":"2024-05-21T10:07:52","guid":{"rendered":"https:\/\/www.festivalcinemambiente.it\/?p=3769"},"modified":"2024-06-01T13:43:00","modified_gmt":"2024-06-01T11:43:00","slug":"citta-dove-vivere-meglio-esempi-di-transizione-ecologica-urbana","status":"publish","type":"post","link":"https:\/\/www.festivalcinemambiente.it\/it\/citta-dove-vivere-meglio-esempi-di-transizione-ecologica-urbana\/","title":{"rendered":"Citt\u00e0 dove vivere meglio. Esempi di transizione ecologica urbana"},"content":{"rendered":"<section class=\"l-section wpb_row height_medium\"><div class=\"l-section-h i-cf\"><div class=\"g-cols vc_row via_grid cols_1 laptops-cols_inherit tablets-cols_inherit mobiles-cols_1 valign_top type_default\"><div class=\"wpb_column vc_column_container\"><div class=\"vc_column-inner\"><div class=\"wpb_text_column\"><div class=\"wpb_wrapper\"><p><strong>VENERDI\u0300 7 GIUGNO <\/strong><br \/>\n<strong>CIRCOLO DEI LETTORI <\/strong><br \/>\n<strong>ORE 17:30<\/strong><\/p>\n<p>Le citt\u00e0 sono il cuore pulsante delle societ\u00e0 contemporanee, e dunque attori cruciali per la transizione ecologica. Sono anche i laboratori dove stiamo osservando cambiamenti audaci e innovazioni promettenti. Tuttavia, senza interventi strutturali e coraggiosi e una visione sistemica, gli assetti urbani consolidati negli ultimi settant\u2019anni, fortemente basati sulla centralit\u00e0 dell&#8217;auto, non possono cambiare nei tempi e con la profondit\u00e0 necessari. Molte citt\u00e0 in Europa e nel mondo hanno avviato un processo di ripensamento della propria struttura urbanistica, delle proprie funzioni, e di conseguenza dei \u201cmodi di vivere\u201d. Una citt\u00e0 dove vivere meglio non \u00e8 difficile da immaginare: \u00e8 pi\u00f9 verde, pi\u00f9 accogliente, pi\u00f9 vivibile, pi\u00f9 sana, pi\u00f9 bella. Pi\u00f9 felice, dunque, anche se ci richiede di cambiare alcune abitudini. E non \u00e8 solo da sognare: possiamo iniziare a vederla realizzarsi volgendo lo sguardo a progetti e interventi vicini a noi.<\/p>\n<p><strong>Intervengono<\/strong><br \/>\n<strong>Luca Caneparo<\/strong>, docente di tecnologia dell&#8217;architettura, Politecnico di Torino: Alberi e pedoni conquistano le strade di Barcellona<br \/>\n<strong>Elisa Campra<\/strong>, architetta del paesaggio e agronoma, libera professionista: Il verde urbano come infrastruttura: le Nature-Based Solutions in Italia ed Europa<br \/>\n<strong>Andrea Burzacchini<\/strong>, esperto di mobilit\u00e0 sostenibile, direttore Aiforia: Una svolta nella mobilit\u00e0 urbana<br \/>\n<strong>Davide Mazzocco<\/strong>, giornalista e scrittore: Politiche del tempo nelle citt\u00e0 del XXI secolo<br \/>\n<strong>Roberto Mezzalama<\/strong>, esperto ambientale e project director di WSP: Trasformare le citt\u00e0: una questione sistemica<\/p>\n<p><strong>Modera<\/strong><br \/>\n<strong>Silvana Dalmazzone<\/strong>, docente di Economia dell&#8217;Ambiente ed Economia del Cambiamento Climatico, Universit\u00e0 di Torino<\/p>\n<\/div><\/div><\/div><\/div><\/div><\/div><\/section>\n","protected":false},"excerpt":{"rendered":"VENERDI\u0300 7 GIUGNO CIRCOLO DEI LETTORI ORE 17:30 Le citt\u00e0 sono il cuore pulsante delle societ\u00e0 contemporanee, e dunque attori cruciali per la transizione ecologica. Sono anche i laboratori dove stiamo osservando cambiamenti audaci e innovazioni promettenti. Tuttavia, senza interventi strutturali e coraggiosi e una visione sistemica, gli assetti urbani consolidati negli ultimi settant\u2019anni, fortemente...","protected":false},"author":5,"featured_media":3771,"comment_status":"closed","ping_status":"closed","sticky":false,"template":"","format":"standard","meta":[],"categories":[26],"tags":[],"acf":[],"_links":{"self":[{"href":"https:\/\/www.festivalcinemambiente.it\/it\/wp-json\/wp\/v2\/posts\/3769"}],"collection":[{"href":"https:\/\/www.festivalcinemambiente.it\/it\/wp-json\/wp\/v2\/posts"}],"about":[{"href":"https:\/\/www.festivalcinemambiente.it\/it\/wp-json\/wp\/v2\/types\/post"}],"author":[{"embeddable":true,"href":"https:\/\/www.festivalcinemambiente.it\/it\/wp-json\/wp\/v2\/users\/5"}],"replies":[{"embeddable":true,"href":"https:\/\/www.festivalcinemambiente.it\/it\/wp-json\/wp\/v2\/comments?post=3769"}],"version-history":[{"count":7,"href":"https:\/\/www.festivalcinemambiente.it\/it\/wp-json\/wp\/v2\/posts\/3769\/revisions"}],"predecessor-version":[{"id":4257,"href":"https:\/\/www.festivalcinemambiente.it\/it\/wp-json\/wp\/v2\/posts\/3769\/revisions\/4257"}],"wp:featuredmedia":[{"embeddable":true,"href":"https:\/\/www.festivalcinemambiente.it\/it\/wp-json\/wp\/v2\/media\/3771"}],"wp:attachment":[{"href":"https:\/\/www.festivalcinemambiente.it\/it\/wp-json\/wp\/v2\/media?parent=3769"}],"wp:term":[{"taxonomy":"category","embeddable":true,"href":"https:\/\/www.festivalcinemambiente.it\/it\/wp-json\/wp\/v2\/categories?post=3769"},{"taxonomy":"post_tag","embeddable":true,"href":"https:\/\/www.festivalcinemambiente.it\/it\/wp-json\/wp\/v2\/tags?post=3769"}],"curies":[{"name":"wp","href":"https:\/\/api.w.org\/{rel}","templated":true}]}}