{"id":3486,"date":"2024-01-23T10:55:00","date_gmt":"2024-01-23T09:55:00","guid":{"rendered":"https:\/\/www.festivalcinemambiente.it\/?p=3486"},"modified":"2024-03-28T12:25:04","modified_gmt":"2024-03-28T11:25:04","slug":"27cinemambientedate","status":"publish","type":"post","link":"https:\/\/www.festivalcinemambiente.it\/it\/27cinemambientedate\/","title":{"rendered":"Il 27\u00b0 Festival CinemAmbiente dedicato a Gaetano Capizzi e diretto da Lia Furxhi a Torino dal 4 al 9 giugno 2024"},"content":{"rendered":"<section class=\"l-section wpb_row height_medium\"><div class=\"l-section-h i-cf\"><div class=\"g-cols vc_row via_grid cols_1 laptops-cols_inherit tablets-cols_inherit mobiles-cols_1 valign_top type_default\"><div class=\"wpb_column vc_column_container\"><div class=\"vc_column-inner\"><div class=\"wpb_text_column\"><div class=\"wpb_wrapper\"><p>Il 27\u00b0 <strong>Festival CinemAmbiente<\/strong> si svolger\u00e0 a <strong>Torino <\/strong>da marted\u00ec<strong> 4 <\/strong>a domenica<strong> 9 giugno 2024 <\/strong>e sar\u00e0 dedicato al suo fondatore e storico direttore,<strong> Gaetano Capizzi<\/strong>, scomparso prematuramente lo scorso ottobre. La guida della prossima edizione sar\u00e0 affidata a <strong>Lia Furxhi<\/strong>, che fino dal 2015 ha affiancato Gaetano Capizzi nella programmazione e nell\u2019organizzazione del Festival.<\/p>\n<p>Questa edizione del Festival manterr\u00e0 la sua struttura, articolata in due sezioni competitive \u2012 <strong>Concorso internazionale Documentari<\/strong> e <strong>Concorso internazionale Cortometraggi<\/strong> \u2012 che si affiancheranno alle sezioni non competitive <strong>Made in Italy<\/strong>, vetrina della miglior produzione italiana documentaristica ambientale dell&#8217;ultimo anno, <strong>Panorama<\/strong> e <strong>CinemAmbiente VR<\/strong>, e alle iniziative extra-cinematografiche destinate, come di consueto, alla promozione della cultura ambientale, quali incontri, appuntamenti dedicati alla divulgazione scientifica, convegni ed eventi speciali.<\/p>\n<p>Il\u00a0<strong>bando di concorso<\/strong>,\u00a0dedicato a\u00a0film a tematica ambientale prodotti dopo il 1\u00b0 gennaio 2022, rimarr\u00e0 aperto<strong>\u00a0fino al 31 marzo 2024<\/strong>.\u00a0Regolamento e form di iscrizioni alle selezioni dei film sono disponibili sulla piattaforma Filmfreeway al link <a href=\"http:\/\/filmfreeway.com\/Cinemambiente\">http:\/\/filmfreeway.com\/Cinemambiente\u00a0<\/a><\/p>\n<p>Inoltre il Festival ha avviato le sue tradizionali iniziative sul versante didattico-formativo, annunciando la prossima edizione del <strong>Concorso nazionale CinemAmbiente Junior<\/strong>, riservato ai cortometraggi a tema ambientale realizzati dalle Scuole Primarie e Secondarie di I e II grado, per il quale <strong>fino al 30 aprile<\/strong> sono <strong>aperte le iscrizioni<\/strong>, effettuabili sul sito <a href=\"https:\/\/www.festivalcinemambiente.it\/\">www.festivalcinemambiente.it<\/a>.<\/p>\n<p>In parallelo, sempre nell\u2019ambito di <strong>CinemAmbiente Junior<\/strong>, il Festival proporr\u00e0 <strong>da febbraio a maggio<\/strong> una serie di <strong>proiezioni didattiche<\/strong> che si svolgeranno in sala per le Scuole piemontesi e online per le Scuole dell\u2019intero territorio nazionale.<\/p>\n<p>Per essere sempre aggiornati sugli eventi di avvicinamento e sulle novit\u00e0 della prossima edizione seguiteci sul sito <a href=\"https:\/\/www.festivalcinemambiente.it\/it\/\">www.festivalcinemambiente.it<\/a> e sui canali social del Festival.<\/p>\n<p><strong>Il Festival CinemAmbiente \u00e8 organizzato dal Museo Nazionale del Cinema di Torino<\/strong>.<\/p>\n<p>Per leggere il comunicato stampa <a href=\"https:\/\/www.festivalcinemambiente.it\/wp-content\/uploads\/2024\/01\/01_COMUNICATO-STAMPA_27%C2%B0-FESTIVAL-CINEMAMBIENTE.pdf\">clicca qui.<\/a><\/p>\n<\/div><\/div><\/div><\/div><\/div><\/div><\/section>\n","protected":false},"excerpt":{"rendered":"Il 27\u00b0 Festival CinemAmbiente si svolger\u00e0 a Torino da marted\u00ec 4 a domenica 9 giugno 2024 e sar\u00e0 dedicato al suo fondatore e storico direttore, Gaetano Capizzi, scomparso prematuramente lo scorso ottobre. La guida della prossima edizione sar\u00e0 affidata a Lia Furxhi, che fino dal 2015 ha affiancato Gaetano Capizzi nella programmazione e nell\u2019organizzazione del...","protected":false},"author":4,"featured_media":3481,"comment_status":"closed","ping_status":"closed","sticky":false,"template":"","format":"standard","meta":[],"categories":[23,13],"tags":[],"acf":[],"_links":{"self":[{"href":"https:\/\/www.festivalcinemambiente.it\/it\/wp-json\/wp\/v2\/posts\/3486"}],"collection":[{"href":"https:\/\/www.festivalcinemambiente.it\/it\/wp-json\/wp\/v2\/posts"}],"about":[{"href":"https:\/\/www.festivalcinemambiente.it\/it\/wp-json\/wp\/v2\/types\/post"}],"author":[{"embeddable":true,"href":"https:\/\/www.festivalcinemambiente.it\/it\/wp-json\/wp\/v2\/users\/4"}],"replies":[{"embeddable":true,"href":"https:\/\/www.festivalcinemambiente.it\/it\/wp-json\/wp\/v2\/comments?post=3486"}],"version-history":[{"count":2,"href":"https:\/\/www.festivalcinemambiente.it\/it\/wp-json\/wp\/v2\/posts\/3486\/revisions"}],"predecessor-version":[{"id":3490,"href":"https:\/\/www.festivalcinemambiente.it\/it\/wp-json\/wp\/v2\/posts\/3486\/revisions\/3490"}],"wp:featuredmedia":[{"embeddable":true,"href":"https:\/\/www.festivalcinemambiente.it\/it\/wp-json\/wp\/v2\/media\/3481"}],"wp:attachment":[{"href":"https:\/\/www.festivalcinemambiente.it\/it\/wp-json\/wp\/v2\/media?parent=3486"}],"wp:term":[{"taxonomy":"category","embeddable":true,"href":"https:\/\/www.festivalcinemambiente.it\/it\/wp-json\/wp\/v2\/categories?post=3486"},{"taxonomy":"post_tag","embeddable":true,"href":"https:\/\/www.festivalcinemambiente.it\/it\/wp-json\/wp\/v2\/tags?post=3486"}],"curies":[{"name":"wp","href":"https:\/\/api.w.org\/{rel}","templated":true}]}}