{"id":2673,"date":"2023-05-26T16:03:20","date_gmt":"2023-05-26T14:03:20","guid":{"rendered":"https:\/\/www.festivalcinemambiente.it\/?p=2673"},"modified":"2023-06-01T18:21:07","modified_gmt":"2023-06-01T16:21:07","slug":"finalmente-comunicare-le-scienza-pillole-di-storytelling-filmmaking","status":"publish","type":"post","link":"https:\/\/www.festivalcinemambiente.it\/it\/finalmente-comunicare-le-scienza-pillole-di-storytelling-filmmaking\/","title":{"rendered":"FI(na)LMENTE \u2013 Comunicare la scienza. Pillole di Storytelling  &#038; Filmmaking"},"content":{"rendered":"<section class=\"l-section wpb_row height_medium\"><div class=\"l-section-h i-cf\"><div class=\"g-cols vc_row via_grid cols_1 laptops-cols_inherit tablets-cols_inherit mobiles-cols_1 valign_top type_default\"><div class=\"wpb_column vc_column_container\"><div class=\"vc_column-inner\"><div class=\"wpb_text_column\"><div class=\"wpb_wrapper\"><p>GIOVED\u00cc 8 GIUGNO, CIRCOLO DEI LETTORI, ORE 10:00 &#8211; 13.30<\/p>\n<p>Gli ultimi decenni hanno visto un cambiamento profondo nel rapporto tra il mondo della ricerca e la comunicazione dei risultati scientifici ai non addetti ai lavori. Mentre in passato il trasferimento del sapere scientifico era filtrato e circoscritto a contesti specifici, nella societ\u00e0 multimediale odierna chiunque pu\u00f2 accedere facilmente e in modo immediato a illimitate fonti di informazione, pi\u00f9 o meno rigorose, e avviare un dibattito con qualsiasi interlocutore. In questo contesto, cos\u00ec fluido e diretto, i ricercatori non possono sottrarsi alla necessit\u00e0 di comunicare in prima persona e in maniera efficace il contenuto della propria ricerca, anche attraverso l\u2019utilizzo di diversi canali comunicativi e registri spesso distanti dal rigore del linguaggio scientifico. Nonostante la sua complessit\u00e0, questa abilit\u00e0 divulgativa viene spesso data per scontata.<\/p>\n<p>FI(na)LMENTE nasce dall&#8217;incontro tra CinemAmbiente, il Dottorato in Neuroscienze dell&#8217;Universit\u00e0 degli Studi di Torino e l&#8217;Associazione InTo Brain, promotori del Premio Aldo Fasolo per la comunicazione in neuroscienze tramite video. Nel 2022, il Festival ha ospitato per la prima volta i video vincitori del Premio ponendo le basi per lo sviluppo di questo nuovo progetto che si ispira alla Science Filmmaking Marathon dell&#8217;Universit\u00e0 di Zurigo. Grazie alla partecipazione e collaborazione della Scuola di Dottorato dell&#8217;Universit\u00e0 degli Studi di Torino, l&#8217;iniziativa si \u00e8 estesa oltre il campo delle neuroscienze, abbracciando tutti i settori della ricerca scientifica. Il progetto \u00e8 realizzato con il contributo della Fondazione Compagnia di San Paolo.<\/p>\n<p>L\u2019obiettivo del progetto \u00e8 di contribuire alla formazione delle dottorande e dei dottorandi, offrendo una speciale opportunit\u00e0 per sviluppare competenze creative e tecniche necessarie ad una divulgazione scientifica efficace. Durante i tre giorni di corso intensivo, i quindici partecipanti, selezionati sulla base di un bando competitivo, sono stati introdotti alle basi del visual storytelling e del filmmaking e, lavorando in gruppi supervisionati da registi professionisti, hanno prodotto tre cortometraggi sui loro temi di ricerca. La cornice del Festival fornisce un\u2019occasione unica per mostrare il risultato di questo percorso e gettare le basi per azioni future.<\/p>\n<p>La proiezione dei lavori prodotti sar\u00e0 seguita da una tavola rotonda in cui si affronteranno vantaggi e limiti del mezzo video per una divulgazione scientifica accessibile, ma al tempo stesso non deformata. Alla discussione, che sar\u00e0 introdotta da <strong>Giulia Carluccio<\/strong>, prorettrice dell\u2019Universit\u00e0 di Torino, e da <strong>Paola Sabbione<\/strong>, referente Fondazione Compagnia San Paolo, interverranno <strong>Eleonora Bonifacio <\/strong>&#8211; professoressa ordinaria in Pedologia presso il dipartimento di Scienze Agrarie, Forestali e Alimentari, <strong>Andrea Calvo <\/strong>&#8211; coordinatore del Dottorato di Ricerca in Neuroscienze dell\u2019Universit\u00e0 di Torino, <strong>Silvia De Marchis <\/strong>&#8211; neurobiologa, docente in Anatomia Comparata e Citologia presso il Dipartimento di Scienze della Vita e Biologia dei Sistemi dell\u2019Universit\u00e0 di Torino, <strong>Ilaria Gabbatore <\/strong>&#8211; presidente dell\u2019associazione culturale Into Brain, <strong>Francesco Ferrini<\/strong> &#8211; docente in Anatomia Veterinaria presso il Dipartimento di Scienze Veterinarie dell\u2019Universit\u00e0 di Torino, <strong>Silvia De Francia <\/strong>&#8211; docente in Farmacologia presso il Dipartimento di Scienze Cliniche e Biologiche dell\u2019Universit\u00e0 di Torino.<\/p>\n<\/div><\/div><\/div><\/div><\/div><\/div><\/section>\n","protected":false},"excerpt":{"rendered":"GIOVED\u00cc 8 GIUGNO, CIRCOLO DEI LETTORI, ORE 10:00 &#8211; 13.30 Gli ultimi decenni hanno visto un cambiamento profondo nel rapporto tra il mondo della ricerca e la comunicazione dei risultati scientifici ai non addetti ai lavori. Mentre in passato il trasferimento del sapere scientifico era filtrato e circoscritto a contesti specifici, nella societ\u00e0 multimediale odierna...","protected":false},"author":5,"featured_media":2759,"comment_status":"closed","ping_status":"closed","sticky":false,"template":"","format":"standard","meta":[],"categories":[21],"tags":[],"acf":[],"_links":{"self":[{"href":"https:\/\/www.festivalcinemambiente.it\/it\/wp-json\/wp\/v2\/posts\/2673"}],"collection":[{"href":"https:\/\/www.festivalcinemambiente.it\/it\/wp-json\/wp\/v2\/posts"}],"about":[{"href":"https:\/\/www.festivalcinemambiente.it\/it\/wp-json\/wp\/v2\/types\/post"}],"author":[{"embeddable":true,"href":"https:\/\/www.festivalcinemambiente.it\/it\/wp-json\/wp\/v2\/users\/5"}],"replies":[{"embeddable":true,"href":"https:\/\/www.festivalcinemambiente.it\/it\/wp-json\/wp\/v2\/comments?post=2673"}],"version-history":[{"count":7,"href":"https:\/\/www.festivalcinemambiente.it\/it\/wp-json\/wp\/v2\/posts\/2673\/revisions"}],"predecessor-version":[{"id":3014,"href":"https:\/\/www.festivalcinemambiente.it\/it\/wp-json\/wp\/v2\/posts\/2673\/revisions\/3014"}],"wp:featuredmedia":[{"embeddable":true,"href":"https:\/\/www.festivalcinemambiente.it\/it\/wp-json\/wp\/v2\/media\/2759"}],"wp:attachment":[{"href":"https:\/\/www.festivalcinemambiente.it\/it\/wp-json\/wp\/v2\/media?parent=2673"}],"wp:term":[{"taxonomy":"category","embeddable":true,"href":"https:\/\/www.festivalcinemambiente.it\/it\/wp-json\/wp\/v2\/categories?post=2673"},{"taxonomy":"post_tag","embeddable":true,"href":"https:\/\/www.festivalcinemambiente.it\/it\/wp-json\/wp\/v2\/tags?post=2673"}],"curies":[{"name":"wp","href":"https:\/\/api.w.org\/{rel}","templated":true}]}}