{"id":2663,"date":"2023-05-26T15:56:52","date_gmt":"2023-05-26T13:56:52","guid":{"rendered":"https:\/\/www.festivalcinemambiente.it\/?p=2663"},"modified":"2023-05-31T12:57:48","modified_gmt":"2023-05-31T10:57:48","slug":"premio-le-ghiande-incontro-con-claudio-morandini","status":"publish","type":"post","link":"https:\/\/www.festivalcinemambiente.it\/it\/premio-le-ghiande-incontro-con-claudio-morandini\/","title":{"rendered":"Premio Le Ghiande &#8211; Incontro con Claudio Morandini"},"content":{"rendered":"<section class=\"l-section wpb_row height_medium\"><div class=\"l-section-h i-cf\"><div class=\"g-cols vc_row via_grid cols_1 laptops-cols_inherit tablets-cols_inherit mobiles-cols_1 valign_top type_default\"><div class=\"wpb_column vc_column_container\"><div class=\"vc_column-inner\"><div class=\"wpb_text_column\"><div class=\"wpb_wrapper\"><p>MERCOLED\u00cc 7 GIUGNO, CIRCOLO DEI LETTORI, ORE 18:00<\/p>\n<p>Giunto alla sua settima edizione, il <strong>Premio letterario Le Ghiande<\/strong> si presenta quest\u2019anno in una versione rinnovata, con l\u2019obiettivo di diventare anche un punto di riferimento nella sempre pi\u00f9 ricca produzione editoriale a tema ambientale.<\/p>\n<p>Il <strong>comitato selezionatore <\/strong>del Premio, costituito da <strong>Gaetano Capizzi<\/strong>, direttore del Festival CinemAmbiente, <strong>Serenella Iovino<\/strong>, saggista e docente di Italian Studies and Environmental Humanities presso la University of North Carolina, lo scrittore <strong>Matteo Righetto<\/strong> e il giornalista <strong>Marco Fratoddi<\/strong>, <strong>attribuisce il riconoscimento allo scrittore<\/strong> <strong> valdostano Claudio Morandini<\/strong>, il quale sar\u00e0 ospite del Festival mercoled\u00ec 7 giugno presso Il Circolo dei lettori per un dialogo a pi\u00f9 voci sulla sua opera.<\/p>\n<p>Come recita la motivazione del Premio, nei romanzi di Morandini, classe 1960, l\u2019ambiente non \u00e8 uno sfondo, bens\u00ec un personaggio a tutto tondo. \u00c8 presenza perturbante con una volont\u00e0 tutta sua che si mescola, intralcia e scompagina le intenzioni degli umani. Sono pietre che si moltiplicano nel salotto di casa e ghiacci che rivelano tracce di delitti, animali sornioni, oggetti animati e paesaggi inquieti. In mezzo, noi: esseri umani spiazzati da queste strane intimit\u00e0. \u00c8 questa, in fondo, l\u2019immagine pi\u00f9 adatta a descrivere l\u2019Antropocene, l\u2019epoca geologica che porta il nostro nome, ma che marca il passaggio dall\u2019illusione della centralit\u00e0 umana allo spaesamento di fronte a un pianeta che sbatte la coda e si riprende la scena.<\/p>\n<p>Dalle sue insolite storie di montagna (<em>Neve, cane, piede<\/em> del 2016, <em>Le pietre<\/em> del 2017, <em>Gli oscillanti<\/em> del 2019), a quelle opere in cui\u00a0vengono esplorati i confini tra reale e fantastico, sperimentando la combinazione tra forme e generi differenti, come <em>A gran giornate<\/em> (2012) e il recente <em>Catalogo dei silenzi e delle attese<\/em> (2022), Morandini ha fatto parlare umani e non umani, mettendoli a confronto e spesso in conflitto, in situazioni familiari eppure imprevedibili, e sempre con un\u2019ironia, una leggerezza e un\u2019originalit\u00e0 rare nell\u2019orizzonte italiano.<\/p>\n<\/div><\/div><\/div><\/div><\/div><\/div><\/section>\n","protected":false},"excerpt":{"rendered":"MERCOLED\u00cc 7 GIUGNO, CIRCOLO DEI LETTORI, ORE 18:00 Giunto alla sua settima edizione, il Premio letterario Le Ghiande si presenta quest\u2019anno in una versione rinnovata, con l\u2019obiettivo di diventare anche un punto di riferimento nella sempre pi\u00f9 ricca produzione editoriale a tema ambientale. Il comitato selezionatore del Premio, costituito da Gaetano Capizzi, direttore del Festival...","protected":false},"author":5,"featured_media":2668,"comment_status":"closed","ping_status":"closed","sticky":false,"template":"","format":"standard","meta":[],"categories":[21],"tags":[],"acf":[],"_links":{"self":[{"href":"https:\/\/www.festivalcinemambiente.it\/it\/wp-json\/wp\/v2\/posts\/2663"}],"collection":[{"href":"https:\/\/www.festivalcinemambiente.it\/it\/wp-json\/wp\/v2\/posts"}],"about":[{"href":"https:\/\/www.festivalcinemambiente.it\/it\/wp-json\/wp\/v2\/types\/post"}],"author":[{"embeddable":true,"href":"https:\/\/www.festivalcinemambiente.it\/it\/wp-json\/wp\/v2\/users\/5"}],"replies":[{"embeddable":true,"href":"https:\/\/www.festivalcinemambiente.it\/it\/wp-json\/wp\/v2\/comments?post=2663"}],"version-history":[{"count":4,"href":"https:\/\/www.festivalcinemambiente.it\/it\/wp-json\/wp\/v2\/posts\/2663\/revisions"}],"predecessor-version":[{"id":2871,"href":"https:\/\/www.festivalcinemambiente.it\/it\/wp-json\/wp\/v2\/posts\/2663\/revisions\/2871"}],"wp:featuredmedia":[{"embeddable":true,"href":"https:\/\/www.festivalcinemambiente.it\/it\/wp-json\/wp\/v2\/media\/2668"}],"wp:attachment":[{"href":"https:\/\/www.festivalcinemambiente.it\/it\/wp-json\/wp\/v2\/media?parent=2663"}],"wp:term":[{"taxonomy":"category","embeddable":true,"href":"https:\/\/www.festivalcinemambiente.it\/it\/wp-json\/wp\/v2\/categories?post=2663"},{"taxonomy":"post_tag","embeddable":true,"href":"https:\/\/www.festivalcinemambiente.it\/it\/wp-json\/wp\/v2\/tags?post=2663"}],"curies":[{"name":"wp","href":"https:\/\/api.w.org\/{rel}","templated":true}]}}