{"id":2557,"date":"2023-05-24T09:46:04","date_gmt":"2023-05-24T07:46:04","guid":{"rendered":"https:\/\/www.festivalcinemambiente.it\/?p=2557"},"modified":"2023-05-31T09:51:16","modified_gmt":"2023-05-31T07:51:16","slug":"conferenza-stampa-26-cinemambiente","status":"publish","type":"post","link":"https:\/\/www.festivalcinemambiente.it\/it\/conferenza-stampa-26-cinemambiente\/","title":{"rendered":"Conferenza Stampa 26\u00b0 CinemAmbiente"},"content":{"rendered":"<section class=\"l-section wpb_row height_medium\"><div class=\"l-section-h i-cf\"><div class=\"g-cols vc_row via_grid cols_1 laptops-cols_inherit tablets-cols_inherit mobiles-cols_1 valign_top type_default\"><div class=\"wpb_column vc_column_container\"><div class=\"vc_column-inner\"><div class=\"wpb_text_column\"><div class=\"wpb_wrapper\"><p><strong>Luned\u00ec 29 maggio<\/strong> alle <strong>ore 11.30 <\/strong>&#8211; al piano 0 della Mole Antonelliana (Museo Nazionale del Cinema) &#8211; si terr\u00e0 la conferenza stampa di presentazione della 26ma edizione del <strong>Festival CinemAmbiente<\/strong> che si svolger\u00e0 dal 5 al 11 giugno 2023.<\/p>\n<\/div><\/div><\/div><\/div><\/div><\/div><\/section>\n","protected":false},"excerpt":{"rendered":"Luned\u00ec 29 maggio alle ore 11.30 &#8211; al piano 0 della Mole Antonelliana (Museo Nazionale del Cinema) &#8211; si terr\u00e0 la conferenza stampa di presentazione della 26ma edizione del Festival CinemAmbiente che si svolger\u00e0 dal 5 al 11 giugno 2023.","protected":false},"author":4,"featured_media":2560,"comment_status":"closed","ping_status":"closed","sticky":false,"template":"","format":"standard","meta":[],"categories":[4,13],"tags":[],"acf":[],"_links":{"self":[{"href":"https:\/\/www.festivalcinemambiente.it\/it\/wp-json\/wp\/v2\/posts\/2557"}],"collection":[{"href":"https:\/\/www.festivalcinemambiente.it\/it\/wp-json\/wp\/v2\/posts"}],"about":[{"href":"https:\/\/www.festivalcinemambiente.it\/it\/wp-json\/wp\/v2\/types\/post"}],"author":[{"embeddable":true,"href":"https:\/\/www.festivalcinemambiente.it\/it\/wp-json\/wp\/v2\/users\/4"}],"replies":[{"embeddable":true,"href":"https:\/\/www.festivalcinemambiente.it\/it\/wp-json\/wp\/v2\/comments?post=2557"}],"version-history":[{"count":2,"href":"https:\/\/www.festivalcinemambiente.it\/it\/wp-json\/wp\/v2\/posts\/2557\/revisions"}],"predecessor-version":[{"id":2850,"href":"https:\/\/www.festivalcinemambiente.it\/it\/wp-json\/wp\/v2\/posts\/2557\/revisions\/2850"}],"wp:featuredmedia":[{"embeddable":true,"href":"https:\/\/www.festivalcinemambiente.it\/it\/wp-json\/wp\/v2\/media\/2560"}],"wp:attachment":[{"href":"https:\/\/www.festivalcinemambiente.it\/it\/wp-json\/wp\/v2\/media?parent=2557"}],"wp:term":[{"taxonomy":"category","embeddable":true,"href":"https:\/\/www.festivalcinemambiente.it\/it\/wp-json\/wp\/v2\/categories?post=2557"},{"taxonomy":"post_tag","embeddable":true,"href":"https:\/\/www.festivalcinemambiente.it\/it\/wp-json\/wp\/v2\/tags?post=2557"}],"curies":[{"name":"wp","href":"https:\/\/api.w.org\/{rel}","templated":true}]}}