{"id":1979,"date":"2022-06-29T15:48:10","date_gmt":"2022-06-29T13:48:10","guid":{"rendered":"https:\/\/www.festivalcinemambiente.it\/?p=1979"},"modified":"2022-06-29T15:48:28","modified_gmt":"2022-06-29T13:48:28","slug":"i-premiati-del-25-festival-cinemambiente","status":"publish","type":"post","link":"https:\/\/www.festivalcinemambiente.it\/it\/i-premiati-del-25-festival-cinemambiente\/","title":{"rendered":"I PREMIATI DEL 25\u00b0 FESTIVAL CINEMAMBIENTE"},"content":{"rendered":"<section class=\"l-section wpb_row height_medium\"><div class=\"l-section-h i-cf\"><div class=\"g-cols vc_row via_grid cols_1 laptops-cols_inherit tablets-cols_inherit mobiles-cols_1 valign_top type_default\"><div class=\"wpb_column vc_column_container\"><div class=\"vc_column-inner\"><div class=\"wpb_text_column\"><div class=\"wpb_wrapper\"><p>Il <strong>25\u00b0 Festival CinemAmbiente <\/strong>si conclude nella serata di oggi, domenica 12 giugno, con la <strong>cerimonia di premiazione <\/strong>dei film vincitori, alle ore 20, al Museo Nazionale del Cinema \u2013 Mole Antonelliana.<\/p>\n<p>I <strong>film vincitori <\/strong>e gli altri <strong>titoli <\/strong>proposti nel cartellone di quest\u2019anno sono <strong>visibili gratuitamente <\/strong><strong>online<\/strong> tramite il sito del Festival, <strong>www.festivalcinemambiente.it<\/strong>, fino al <strong>21 giugno<\/strong>, sulla piattaforma OpenDDB (capienza di <strong>500 accessi<\/strong> per ciascun titolo).<\/p>\n<p>I premi attribuiti al termine della 25^ edizione del Festival sono:<\/p>\n<p>&nbsp;<\/p>\n<p><strong><u>&#8211; Premio Asja. Energy per il miglior documentario<\/u><\/strong> ($ 5000), assegnato dalla giuria composta da Werner Boote, regista, Suzanne Crocker, regista, Sonia Filippazzi, giornalista, Beppe Rovera, giornalista, Gianluca Maria Tavarelli, regista, a:<\/p>\n<p><strong><em>Carbon \u2013 The Unauthorised Biography<\/em><\/strong> di Daniella Ortega &amp; Niobe Thompson (Australia, Canada, Francia 2021, 89\u2019)<\/p>\n<p><u>con la seguente motivazione<\/u>:<\/p>\n<p>Un soggetto difficile reso comprensibile a tutti: il carbonio racconta se stesso portando lo spettatore alla scoperta di un elemento alla base della vita ma che oggi rischia anche di provocarne la fine. Scienza ma anche poesia e creativit\u00e0 si fondono in pi\u00f9 linguaggi narrativi, senza trascurare la leggerezza dello humour, per rendere visibile quello che \u00e8 invisibile.<\/p>\n<p>La giuria ha inoltre attribuito una <strong>menzione speciale<\/strong> al film:<\/p>\n<p><strong><em>Pleistocene Park<\/em><\/strong> di Luke Griswold-Tergis (USA 2022, 101\u2019)<\/p>\n<p><u>con la seguente motivazione<\/u>:<\/p>\n<p>La testarda determinazione di uno scienziato che \u2013 da solo con il figlio \u2013 tenta di riprodurre le condizioni del Pleistocene in una zona remota della Siberia per contrastare lo scioglimento del permafrost. Quella che sembra follia visionaria finisce con il conquistare lo spettatore come qualcosa di possibile e anzi necessario per l&#8217;interesse comune di fronte agli effetti drammatici dei cambiamenti climatici.<\/p>\n<p>&nbsp;<\/p>\n<p><strong><u>-Premio Terna per il miglior cortometraggio<\/u><\/strong> ($ 1500), assegnato dalla giuria composta da Cristina Gabetti, giornalista, Marlene Kuntz, musicisti, Claudia Praolini, direttrice artistica di Concorto Film Festival, a:<\/p>\n<p><strong><em>Haulout <\/em><\/strong>di Evgenia Arbugaeva e Maxim Arbugaev (Regno Unito, 2022, 25\u2019)<\/p>\n<p><u>con la seguente motivazione<\/u>:<\/p>\n<p>Abbiamo apprezzato la dimensione narrativa capace di destabilizzare lo sguardo, di lasciare le immagini testimoni degli eventi, senza la mediazione interpretativa della parola. C&#8217;\u00e8 dello stupore, c&#8217;\u00e8 della poesia, c&#8217;\u00e8 uno sguardo politico. Apertura verso l&#8217;immanenza di un mondo animale che ci costringe a dover prendere coscienza dei catastrofici effetti imposti dal cambiamento climatico. Ricerca e sperimentazione abbinate ad una stupefacente realizzazione tecnica.<\/p>\n<p>La giuria ha inoltre attribuito una <strong>menzione speciale<\/strong> al film:<\/p>\n<p><strong><em>Bolo Raz Jedno More&#8230; (Once There was a Sea&#8230;)<\/em><\/strong> di Joanna Kozuch (Slovacchia, Polonia 2021, 16\u2019)<\/p>\n<p><u>con la seguente motivazione<\/u>:<\/p>\n<p>Per la realizzazione delle magnifiche immagini con le quali ha narrato la storia di una catastrofica trasformazione ambientale e sociale, quella del mare d\u2019Aral.\u00a0La sparizione dell\u2019antico mare \u00e8 intrecciata con le vite di donne e uomini che su quelle rive hanno prosperato, perso tutto, e che oggi ne abitano le sponde immaginarie, in un\u2019atmosfera polverosa e surreale. Lo stile grafico \u00e8 nel contempo incisivo e lieve.<\/p>\n<p>&nbsp;<\/p>\n<p><strong><u>-Premio IREN del pubblico<\/u><\/strong> ($ 1500), assegnato dagli spettatori del Festival a:<\/p>\n<p><em><strong>Going Circular <\/strong><\/em>di Richard Dale e Nigel Walk (Netherlands 2021, 90\u2019)<\/p>\n<p>&nbsp;<\/p>\n<p><strong><u>-Premio \u201cAmbiente e Societ\u00e0\u201d<\/u><\/strong>, istituito dalla <strong>Cooperativa Sociale Arcobaleno<\/strong>, per il film, che meglio abbia saputo coniugare i temi ambientali e la dimensione sociale, assegnato dai lavoratori e dalle lavoratrici della Cooperativa a:<\/p>\n<p><strong><em>Chemical Bros. <\/em><\/strong>di Massimiliano Mazzotta (Italia 2022, 74\u2019)<\/p>\n<p><u>con la seguente motivazione<\/u>:<\/p>\n<p>Un docufilm di denuncia che lancia un forte messaggio al mondo, attraverso un viaggio che dalla Sardegna passando per il Veneto arriva in Gran Bretagna e pone l\u2019attenzione su una tematica sempre attuale: contrastare una economia basata sulla produzione sfrenata di oggetti di uso comune, che antepone gli interessi economici a discapito del benessere della comunit\u00e0 e dell\u2019ambiente. Un documentario scomodo, per sollecitare una presa di coscienza e mettere in atto un\u2019azione collettiva per contrastare le derive che colpiscono tutti in termini di perdita di ambiente e salute in maniera irreversibile.<\/p>\n<p>\u00c8 necessaria un\u2019inversione di rotta. In fondo, siamo fatti di chimica, ma di chimica naturale.<\/p>\n<p>&nbsp;<\/p>\n<p><strong><u>-Premio \u201cCasacomune\u201d<\/u><\/strong>, istituito dal <strong>Festival<\/strong> e da <strong>Casacomune, Scuola e Azioni<\/strong>, per il film o l\u2019autore che meglio sia stato in grado di riflettere temi legati alla spiritualit\u00e0 intesa come dimensione strettamente legata alla natura di cui facciamo parte, assegnato a:<\/p>\n<p><strong>Suzanne Crocker<\/strong>, regista del film <strong><em>First We Eat<\/em><\/strong><\/p>\n<p>&nbsp;<\/p>\n<p>I riconoscimenti a personalit\u00e0 del mondo del cinema e di altre arti e discipline attribuiti nella 25^ edizione del Festival sono:<\/p>\n<p>&#8211; <strong>Premio \u201cStella della Mole\u201d<\/strong>, istituito dal <strong>Museo Nazionale del Cinema<\/strong> e dal <strong>Festival<\/strong>, per un artista che attraverso il linguaggio cinematografico declini nella sua opera temi legati all\u2019ambiente e alla natura, assegnato a <strong>Franco Piavoli<\/strong>.<\/p>\n<p><strong>-Premio \u201cDalla Terra alla Terra\u201d<\/strong>, offerto da <strong>Biorepack<\/strong>, di \u20ac 3000, per la figura o il film che meglio illustra le problematiche legate al suolo, alla sua protezione dall\u2019inquinamento e dai cambiamenti climatici, e alla produzione alimentare sostenibile, assegnato a <strong>Vandana Shiva<\/strong>.<\/p>\n<p><strong>-Premio \u201cCiak verde\u201d<\/strong>, istituito dal <strong>Festival <\/strong>e da <strong>Legambiente<\/strong>, per una figura del mondo del cinema e dello spettacolo italiano impegnata nella difesa dell\u2019ambiente che metta a disposizione la propria immagine e capacit\u00e0 comunicativa per sensibilizzare il pubblico sulla gravit\u00e0 dell\u2019attuale crisi climatica, assegnato a <strong>Alessandro Gassmann<\/strong>.<\/p>\n<p><strong>-Premio letterario \u201cLa Ghianda\u201d<\/strong>, istituito dal <strong>Festival<\/strong>, per un\u2019autrice o un autore che nel corso del proprio percorso artistico abbia espresso un rapporto profondo e personale con l\u2019ambiente, il paesaggio e la natura, assegnato a <strong>Antonella Anedda<\/strong>.<\/p>\n<\/div><\/div><\/div><\/div><\/div><\/div><\/section>\n","protected":false},"excerpt":{"rendered":"Il 25\u00b0 Festival CinemAmbiente si conclude nella serata di oggi, domenica 12 giugno, con la cerimonia di premiazione dei film vincitori, alle ore 20, al Museo Nazionale del Cinema \u2013 Mole Antonelliana. I film vincitori e gli altri titoli proposti nel cartellone di quest\u2019anno sono visibili gratuitamente online tramite il sito del Festival, www.festivalcinemambiente.it, fino...","protected":false},"author":4,"featured_media":1983,"comment_status":"closed","ping_status":"closed","sticky":false,"template":"","format":"standard","meta":[],"categories":[4,13],"tags":[],"acf":[],"_links":{"self":[{"href":"https:\/\/www.festivalcinemambiente.it\/it\/wp-json\/wp\/v2\/posts\/1979"}],"collection":[{"href":"https:\/\/www.festivalcinemambiente.it\/it\/wp-json\/wp\/v2\/posts"}],"about":[{"href":"https:\/\/www.festivalcinemambiente.it\/it\/wp-json\/wp\/v2\/types\/post"}],"author":[{"embeddable":true,"href":"https:\/\/www.festivalcinemambiente.it\/it\/wp-json\/wp\/v2\/users\/4"}],"replies":[{"embeddable":true,"href":"https:\/\/www.festivalcinemambiente.it\/it\/wp-json\/wp\/v2\/comments?post=1979"}],"version-history":[{"count":7,"href":"https:\/\/www.festivalcinemambiente.it\/it\/wp-json\/wp\/v2\/posts\/1979\/revisions"}],"predecessor-version":[{"id":2003,"href":"https:\/\/www.festivalcinemambiente.it\/it\/wp-json\/wp\/v2\/posts\/1979\/revisions\/2003"}],"wp:featuredmedia":[{"embeddable":true,"href":"https:\/\/www.festivalcinemambiente.it\/it\/wp-json\/wp\/v2\/media\/1983"}],"wp:attachment":[{"href":"https:\/\/www.festivalcinemambiente.it\/it\/wp-json\/wp\/v2\/media?parent=1979"}],"wp:term":[{"taxonomy":"category","embeddable":true,"href":"https:\/\/www.festivalcinemambiente.it\/it\/wp-json\/wp\/v2\/categories?post=1979"},{"taxonomy":"post_tag","embeddable":true,"href":"https:\/\/www.festivalcinemambiente.it\/it\/wp-json\/wp\/v2\/tags?post=1979"}],"curies":[{"name":"wp","href":"https:\/\/api.w.org\/{rel}","templated":true}]}}