{"id":1125,"date":"2022-05-23T13:50:12","date_gmt":"2022-05-23T11:50:12","guid":{"rendered":"https:\/\/www.festivalcinemambiente.it\/?p=1125"},"modified":"2022-05-25T15:27:13","modified_gmt":"2022-05-25T13:27:13","slug":"la-comunicazione-scientifica-nella-societa-multimediale","status":"publish","type":"post","link":"https:\/\/www.festivalcinemambiente.it\/it\/la-comunicazione-scientifica-nella-societa-multimediale\/","title":{"rendered":"La comunicazione scientifica nella societ\u00e0 multimediale"},"content":{"rendered":"<section class=\"l-section wpb_row height_medium\"><div class=\"l-section-h i-cf\"><div class=\"g-cols vc_row via_grid cols_1 laptops-cols_inherit tablets-cols_inherit mobiles-cols_1 valign_top type_default\"><div class=\"wpb_column vc_column_container\"><div class=\"vc_column-inner\"><div class=\"wpb_text_column\"><div class=\"wpb_wrapper\"><div class=\"page\" title=\"Page 61\">\n<div class=\"section\">\n<div class=\"layoutArea\">\n<div class=\"column\">\n<p><strong>MERCOLEDI\u0300 8 GIUGNO <\/strong><br \/>\n<strong>CIRCOLO DEI LETTORI ORE 10.30<br \/>\n<\/strong><\/p>\n<p>&nbsp;<\/p>\n<\/div>\n<\/div>\n<\/div>\n<\/div>\n<p>In un mondo stravolto da cambiamenti ed eventi anche drammatici, la ricerca scientifica alla base della conoscenza \u00e8 uno dei punti fermi della nostra societ\u00e0 ed una comunicazione efficace \u00e8 fondamentale per veicolare correttamente il senso della ricerca e per contrastare il dilagare delle fake news.<\/p>\n<p class=\"s3\"><span class=\"s2\">Tanto pi\u00f9 gli argomenti trattati sono complessi e difficili da decifrare per i non addetti ai lavori, tanto maggiore \u00e8 la possibilit\u00e0 che una cattiva comunicazione induca false attese o generi sfiducia. <\/span><\/p>\n<p class=\"s3\"><span class=\"s2\">Allo stesso tempo i risultati della ricerca hanno spesso importanti ricadute mediche, etiche, tecnologiche e sociali, ma spesso non sono correttamente veicolate e rese fruibili.<\/span><\/p>\n<p class=\"s3\"><span class=\"s2\">I relatori, <\/span><span class=\"s2\">ricercatori e ricercatrici, esperti di comunicazione, divulgatori e divulgatrici della scienza<\/span><span class=\"s2\">, sono figure chiave,<\/span><span class=\"s2\"> per una riflessione sui rispettivi ruoli e competenze e sull\u2019utilizzo del video e di un approccio multimediale per una comunicazione efficace, capace di raggiungere le diverse componenti della nostra societ\u00e0<\/span><span class=\"s2\">.<\/span><\/p>\n<h5 class=\"s3\"><strong><span class=\"s2\">Partecipano:<\/span><\/strong><\/h5>\n<p class=\"s3\"><strong><span class=\"s4\">Andrea Calvo<\/span><\/strong><span class=\"s2\"> Professore associato in Neurologia presso il Dipartimento di Neuroscienze \u201cRita Levi Montalcini\u201d dell&#8217;Universit\u00e0 di Torino. Dal 2021 \u00e8 Coordinatore del Dottorato di ricerca in Neuroscienze Universit\u00e0 di Torino.<\/span><\/p>\n<p class=\"s3\"><strong><span class=\"s4\">Silvia De Marchis<\/span><\/strong><span class=\"s2\"> Neurobiologa, Professoressa <\/span><span class=\"s2\">associata in Anatomia comparata e Citologia presso il Dipartimento di Scienze della Vita e Biologia dei Sistemi dell\u2019Universit\u00e0 di Torino. Svolge le sue ricerche presso il <\/span><span class=\"s2\">Neuroscience<\/span><span class=\"s2\"> Institute Cavalieri Ottolenghi (NICO), presiede il comitato scientifico del Premio Aldo Fasolo. <\/span><\/p>\n<p class=\"s3\"><strong><span class=\"s4\">Giuseppe <\/span><span class=\"s4\">Tipaldo<\/span><\/strong> <span class=\"s2\">Professore associato presso il Dipartimento di Culture, Politiche e Societ\u00e0 dell\u2019Universit\u00e0 di Torino dove insegna Sociologia della Pseudoscienza e Metodi digitali per la ricerca sociale. Si occupa principalmente dei nuovi media e degli effetti delle fake news (soprattutto in ambito <\/span><span class=\"s2\">tecnoscientifico<\/span><span class=\"s2\">) sulle democrazie liberali contemporanee.<\/span><\/p>\n<p class=\"s3\"><strong><span class=\"s4\">Beatrice <\/span><span class=\"s4\">Mautino<\/span><\/strong> <span class=\"s2\">Comunicatrice e divulgatrice scientifica. Scrive per la rivista \u201cLe Scienze\u201d su cui firma la rubrica \u201cLa ceretta di Occam\u201d ed \u00e8 fondatrice di \u201cFrame \u2013 Divagazioni scientifiche\u201d, associazione che si occupa dell&#8217;organizzazione di eventi a sfondo scientifico-culturale. Insieme ad Emanuele <\/span><span class=\"s2\">Menietti<\/span><span class=\"s2\"> conduce il podcast settimanale del Post \u201cCi vuole una scienza\u201d.<\/span><\/p>\n<p class=\"s3\"><strong><span class=\"s4\">Samer Angelone <\/span><\/strong><span class=\"s2\">Ricercatore associato<\/span> <span class=\"s2\">presso il Department of <\/span><span class=\"s2\">Evolutionary<\/span> <span class=\"s2\">Biology<\/span><span class=\"s2\"> and <\/span><span class=\"s2\">Environmental<\/span><span class=\"s2\"> Studies dell\u2019Universit\u00e0 di Zurigo. \u00c8 presidente della \u201cSwiss Science Film Academy\u201d e direttore del Global Eco Film Festival.<\/span><\/p>\n<p class=\"s3\"><span class=\"s2\">L\u2019iniziativa \u00e8 organizzata in collaborazione con il <\/span><span class=\"s4\"><strong>Premio per la comunicazione in neuroscienze \u201cAldo Fasolo\u201d<\/strong>.<\/span><\/p>\n<p class=\"s3\"><span class=\"s2\">Il Premio per la comunicazione in neuroscienze \u201cAldo Fasolo\u201d, promosso dal Dottorato in Neuroscienze dell\u2019Universit\u00e0 degli Studi di Torino e organizzato in collaborazione con l\u2019Associazione <\/span><span class=\"s2\">InToBrain<\/span><span class=\"s2\">, dal 2015 valorizza l\u2019impegno di giovani neuroscienziate e neuroscienziati nella divulgazione dei risultati delle loro ricerche attraverso l\u2019uso del mezzo video. Si tratta di un ottimo esempio di come si possa promuovere la cultura della comunicazione scientifica partendo proprio da chi la scienza la fa. Inoltre, tra le discipline scientifiche, le neuroscienze rappresentano un particolare terreno di sfida. Esplorare il cervello e comprenderne il funzionamento richiede infatti l\u2019integrazione e il dialogo tra competenze molto diverse, dalla ricerca in neurobiologia alle neuroscienze cliniche e cognitive, rendendo molto arduo il compito di chi deve rendere l\u2019informazione accessibile.<\/span><\/p>\n<\/div><\/div><\/div><\/div><\/div><\/div><\/section>\n","protected":false},"excerpt":{"rendered":"MERCOLEDI\u0300 8 GIUGNO CIRCOLO DEI LETTORI ORE 10.30 &nbsp; In un mondo stravolto da cambiamenti ed eventi anche drammatici, la ricerca scientifica alla base della conoscenza \u00e8 uno dei punti fermi della nostra societ\u00e0 ed una comunicazione efficace \u00e8 fondamentale per veicolare correttamente il senso della ricerca e per contrastare il dilagare delle fake news....","protected":false},"author":5,"featured_media":1134,"comment_status":"closed","ping_status":"closed","sticky":false,"template":"","format":"standard","meta":[],"categories":[14],"tags":[],"acf":[],"_links":{"self":[{"href":"https:\/\/www.festivalcinemambiente.it\/it\/wp-json\/wp\/v2\/posts\/1125"}],"collection":[{"href":"https:\/\/www.festivalcinemambiente.it\/it\/wp-json\/wp\/v2\/posts"}],"about":[{"href":"https:\/\/www.festivalcinemambiente.it\/it\/wp-json\/wp\/v2\/types\/post"}],"author":[{"embeddable":true,"href":"https:\/\/www.festivalcinemambiente.it\/it\/wp-json\/wp\/v2\/users\/5"}],"replies":[{"embeddable":true,"href":"https:\/\/www.festivalcinemambiente.it\/it\/wp-json\/wp\/v2\/comments?post=1125"}],"version-history":[{"count":3,"href":"https:\/\/www.festivalcinemambiente.it\/it\/wp-json\/wp\/v2\/posts\/1125\/revisions"}],"predecessor-version":[{"id":1373,"href":"https:\/\/www.festivalcinemambiente.it\/it\/wp-json\/wp\/v2\/posts\/1125\/revisions\/1373"}],"wp:featuredmedia":[{"embeddable":true,"href":"https:\/\/www.festivalcinemambiente.it\/it\/wp-json\/wp\/v2\/media\/1134"}],"wp:attachment":[{"href":"https:\/\/www.festivalcinemambiente.it\/it\/wp-json\/wp\/v2\/media?parent=1125"}],"wp:term":[{"taxonomy":"category","embeddable":true,"href":"https:\/\/www.festivalcinemambiente.it\/it\/wp-json\/wp\/v2\/categories?post=1125"},{"taxonomy":"post_tag","embeddable":true,"href":"https:\/\/www.festivalcinemambiente.it\/it\/wp-json\/wp\/v2\/tags?post=1125"}],"curies":[{"name":"wp","href":"https:\/\/api.w.org\/{rel}","templated":true}]}}