{"id":1009,"date":"2022-05-19T12:03:20","date_gmt":"2022-05-19T10:03:20","guid":{"rendered":"https:\/\/www.festivalcinemambiente.it\/?p=1009"},"modified":"2022-06-02T14:26:24","modified_gmt":"2022-06-02T12:26:24","slug":"conferenza-stampa-25-festival-cinemambiente","status":"publish","type":"post","link":"https:\/\/www.festivalcinemambiente.it\/it\/conferenza-stampa-25-festival-cinemambiente\/","title":{"rendered":"CONFERENZA STAMPA <br> 25\u00b0 Festival CinemAmbiente"},"content":{"rendered":"<section class=\"l-section wpb_row height_medium\"><div class=\"l-section-h i-cf\"><div class=\"g-cols vc_row via_grid cols_1 laptops-cols_inherit tablets-cols_inherit mobiles-cols_1 valign_top type_default\"><div class=\"wpb_column vc_column_container\"><div class=\"vc_column-inner\"><div class=\"wpb_text_column\"><div class=\"wpb_wrapper\"><p><strong>Marted\u00ec 24 maggio<\/strong> alle <strong>ore 11.30<\/strong>, in presenza e in diretta streaming dal Cinema Massimo, si terr\u00e0 la conferenza stampa di presentazione della nuova edizione del <strong>Festival CinemAmbiente<\/strong> che si svolger\u00e0 dal 5 al 12 giugno 2022.<\/p>\n<p>Segui la diretta in streaming<a href=\"https:\/\/youtu.be\/_LJjmNyFPvM\"> qui<\/a><\/p>\n<\/div><\/div><\/div><\/div><\/div><\/div><\/section><section class=\"l-section wpb_row height_medium\"><div class=\"l-section-h i-cf\"><div class=\"g-cols vc_row via_grid cols_1 laptops-cols_inherit tablets-cols_inherit mobiles-cols_1 valign_top type_default\"><div class=\"wpb_column vc_column_container\"><div class=\"vc_column-inner\"><div class=\"w-video align_none ratio_16x9\" onclick=\"return {&quot;player_html&quot;:&quot;&lt;iframe title=\\&quot;Conferenza stampa 25\\u00b0 Festival CinemAmbiente\\&quot; width=\\&quot;640\\&quot; height=\\&quot;360\\&quot; src=\\&quot;https:\\\/\\\/www.youtube.com\\\/embed\\\/_LJjmNyFPvM?feature=oembed\\&quot; frameborder=\\&quot;0\\&quot; allow=\\&quot;accelerometer; autoplay; clipboard-write; encrypted-media; gyroscope; picture-in-picture\\&quot; allowfullscreen&gt;&lt;\\\/iframe&gt;&quot;}\"><div class=\"w-video-h\"><iframe title=\"Youtube video player\" src=\"\/\/www.youtube.com\/embed\/_LJjmNyFPvM?origin=https:\/\/www.festivalcinemambiente.it&controls=1\" allowfullscreen=\"1\" loading=\"lazy\"><\/iframe><\/div><div class=\"w-video-icon\" style=\"font-size:1.5rem;background:rgba(0,0,0,0.5);color:#fff\"><\/div><\/div><\/div><\/div><\/div><\/div><\/section>\n","protected":false},"excerpt":{"rendered":"Marted\u00ec 24 maggio alle ore 11.30, in presenza e in diretta streaming dal Cinema Massimo, si terr\u00e0 la conferenza stampa di presentazione della nuova edizione del Festival CinemAmbiente che si svolger\u00e0 dal 5 al 12 giugno 2022. Segui la diretta in streaming qui","protected":false},"author":4,"featured_media":1025,"comment_status":"closed","ping_status":"closed","sticky":false,"template":"","format":"standard","meta":[],"categories":[4,13],"tags":[],"acf":[],"_links":{"self":[{"href":"https:\/\/www.festivalcinemambiente.it\/it\/wp-json\/wp\/v2\/posts\/1009"}],"collection":[{"href":"https:\/\/www.festivalcinemambiente.it\/it\/wp-json\/wp\/v2\/posts"}],"about":[{"href":"https:\/\/www.festivalcinemambiente.it\/it\/wp-json\/wp\/v2\/types\/post"}],"author":[{"embeddable":true,"href":"https:\/\/www.festivalcinemambiente.it\/it\/wp-json\/wp\/v2\/users\/4"}],"replies":[{"embeddable":true,"href":"https:\/\/www.festivalcinemambiente.it\/it\/wp-json\/wp\/v2\/comments?post=1009"}],"version-history":[{"count":4,"href":"https:\/\/www.festivalcinemambiente.it\/it\/wp-json\/wp\/v2\/posts\/1009\/revisions"}],"predecessor-version":[{"id":1513,"href":"https:\/\/www.festivalcinemambiente.it\/it\/wp-json\/wp\/v2\/posts\/1009\/revisions\/1513"}],"wp:featuredmedia":[{"embeddable":true,"href":"https:\/\/www.festivalcinemambiente.it\/it\/wp-json\/wp\/v2\/media\/1025"}],"wp:attachment":[{"href":"https:\/\/www.festivalcinemambiente.it\/it\/wp-json\/wp\/v2\/media?parent=1009"}],"wp:term":[{"taxonomy":"category","embeddable":true,"href":"https:\/\/www.festivalcinemambiente.it\/it\/wp-json\/wp\/v2\/categories?post=1009"},{"taxonomy":"post_tag","embeddable":true,"href":"https:\/\/www.festivalcinemambiente.it\/it\/wp-json\/wp\/v2\/tags?post=1009"}],"curies":[{"name":"wp","href":"https:\/\/api.w.org\/{rel}","templated":true}]}}