{"id":3812,"date":"2024-05-21T15:08:17","date_gmt":"2024-05-21T13:08:17","guid":{"rendered":"https:\/\/www.festivalcinemambiente.it\/?p=3812"},"modified":"2024-05-31T17:26:13","modified_gmt":"2024-05-31T15:26:13","slug":"energia-ambiente-economia-agire-in-modo-consapevole-per-contribuire-alla-lotta-al-cambiamento-climatico","status":"publish","type":"post","link":"https:\/\/www.festivalcinemambiente.it\/en\/energia-ambiente-economia-agire-in-modo-consapevole-per-contribuire-alla-lotta-al-cambiamento-climatico\/","title":{"rendered":"Energia, ambiente, economia: agire in modo consapevole per contribuire alla lotta al cambiamento climatico"},"content":{"rendered":"<section class=\"l-section wpb_row height_medium\"><div class=\"l-section-h i-cf\"><div class=\"g-cols vc_row via_grid cols_1 laptops-cols_inherit tablets-cols_inherit mobiles-cols_1 valign_top type_default\"><div class=\"wpb_column vc_column_container\"><div class=\"vc_column-inner\"><div class=\"wpb_text_column\"><div class=\"wpb_wrapper\"><p><strong>FRIDAY, 7 JUNE<\/strong><br \/>\n<strong>CIRCOLO DEI LETTORI<\/strong><br \/>\n<strong>5:30 PM<\/strong><\/p>\n<p>Energy, environment, economy, engagement in fighting climate change<br \/>\nEach of us is called to help fight against climate change, but what practical decisions can one make to effectively solve seemingly unsurmountable problems? How should one react to the daily misinformation and disinformation? <strong>EmCoin<\/strong> is a type of token that represents the amount of energy used to produce the goods we buy. With this token, we can budget how much energy we want to spend and thus help in grass-roots sustainability \u2013 beyond any greenwashing. This new scenario integrates energy, economy, and the environment, together with experts and researchers in biophysical economics, product life cycles, and \u201cunconventional\u201d economic theories. The idea is to base our daily behaviors on the rule of nature and the physics of economy.<\/p>\n<p><strong>Speakers<\/strong><br \/>\n<strong>Luciano Celi<\/strong>, CNR researcher, editor of Lu::Ce Edizioni, president of ASPO Italia<br \/>\n<strong>Marcello Corongiu<\/strong>, president of Resconda and PM of the EmCoin project<br \/>\n<strong>Charles A.S. Hall<\/strong> (in videoconference), expert in systems ecology and biophysics, distinguished professor at New York State University<br \/>\n<strong>Caterina Mele<\/strong>, DISEG teacher, member of CdA and the Green Team, Politecnico di Torino<br \/>\n<strong>Maurizio Pallante<\/strong>, nonfiction writer, speaker, president of Associazione Sostenibilit\u00e0 Equit\u00e0 Solidariet\u00e0<br \/>\n<strong>Sergio Ulgiati<\/strong>, former teacher of environmental chemistry and LCA l\u2019Universit\u00e0 Parthenope, Naples, honorary professor of environmental accounting, School of Environment, Beijing Normal University, China<\/p>\n<\/div><\/div><\/div><\/div><\/div><\/div><\/section>\n","protected":false},"excerpt":{"rendered":"FRIDAY, 7 JUNE CIRCOLO DEI LETTORI 5:30 PM Energy, environment, economy, engagement in fighting climate change Each of us is called to help fight against climate change, but what practical decisions can one make to effectively solve seemingly unsurmountable problems? How should one react to the daily misinformation and disinformation? EmCoin is a type of...","protected":false},"author":5,"featured_media":4072,"comment_status":"closed","ping_status":"closed","sticky":false,"template":"","format":"standard","meta":[],"categories":[25],"tags":[],"acf":[],"_links":{"self":[{"href":"https:\/\/www.festivalcinemambiente.it\/en\/wp-json\/wp\/v2\/posts\/3812"}],"collection":[{"href":"https:\/\/www.festivalcinemambiente.it\/en\/wp-json\/wp\/v2\/posts"}],"about":[{"href":"https:\/\/www.festivalcinemambiente.it\/en\/wp-json\/wp\/v2\/types\/post"}],"author":[{"embeddable":true,"href":"https:\/\/www.festivalcinemambiente.it\/en\/wp-json\/wp\/v2\/users\/5"}],"replies":[{"embeddable":true,"href":"https:\/\/www.festivalcinemambiente.it\/en\/wp-json\/wp\/v2\/comments?post=3812"}],"version-history":[{"count":5,"href":"https:\/\/www.festivalcinemambiente.it\/en\/wp-json\/wp\/v2\/posts\/3812\/revisions"}],"predecessor-version":[{"id":4254,"href":"https:\/\/www.festivalcinemambiente.it\/en\/wp-json\/wp\/v2\/posts\/3812\/revisions\/4254"}],"wp:featuredmedia":[{"embeddable":true,"href":"https:\/\/www.festivalcinemambiente.it\/en\/wp-json\/wp\/v2\/media\/4072"}],"wp:attachment":[{"href":"https:\/\/www.festivalcinemambiente.it\/en\/wp-json\/wp\/v2\/media?parent=3812"}],"wp:term":[{"taxonomy":"category","embeddable":true,"href":"https:\/\/www.festivalcinemambiente.it\/en\/wp-json\/wp\/v2\/categories?post=3812"},{"taxonomy":"post_tag","embeddable":true,"href":"https:\/\/www.festivalcinemambiente.it\/en\/wp-json\/wp\/v2\/tags?post=3812"}],"curies":[{"name":"wp","href":"https:\/\/api.w.org\/{rel}","templated":true}]}}